{"id":31740,"date":"2019-05-02T06:00:00","date_gmt":"2019-05-02T10:00:00","guid":{"rendered":"https:\/\/linitiative.ca\/International\/une-mosquee-ou-une-cathedrale-de-haine\/"},"modified":"2019-05-02T06:00:00","modified_gmt":"2019-05-02T10:00:00","slug":"une-mosquee-ou-une-cathedrale-de-haine","status":"publish","type":"post","link":"https:\/\/linitiative.ca\/International\/une-mosquee-ou-une-cathedrale-de-haine\/","title":{"rendered":"Une mosqu\u00e9e ou une \u00abcath\u00e9drale de haine\u00bb ?"},"content":{"rendered":"<p class=\"c3\">Les gens lui ont donn\u00e9 son nom ! Son initiateur a certainement voulu qu\u2019elle soit comme le joyau de la couronne ou le Taj Mahal \u00e0 de son long r\u00e8gne.<br \/>La hauteur de la nouvelle grande mosqu\u00e9e d\u2019Alger a \u00e9t\u00e9 voulue pour d\u00e9passer celle de la cath\u00e9drale b\u00e2tie par les Fran\u00e7ais, il y a plus d\u2019un si\u00e8cle, dans la m\u00eame ville. En France, Guy des Cars, dans son roman la Cath\u00e9drale de haine, a racont\u00e9 l\u2019histoire d\u2019un monumental projet d\u2019une cath\u00e9drale pas comme les autres qui devait marquer les \u00e2mes et les esprits et unir les Fran\u00e7ais. Mais les ennemis de ce projet surgissent de partout : hommes politiques, architectes rivaux, financiers et m\u00eame eccl\u00e9siastiques.<\/p>\n<p class=\"c3\">Le projet de la nouvelle grande mosqu\u00e9e d\u2019Alger a r\u00e9uni l\u2019unanimit\u00e9 contre lui. M\u00eame les islamistes sont contre ! Son inauguration devait se faire en grande pompe.\u00a0 Tous ceux qui ont particip\u00e9 de pr\u00e8s ou de loin \u00e0 sa r\u00e9alisation sont partis. Aujourd\u2019hui que les travaux sont finis, c\u2019est son inauguration qui pose probl\u00e8me : par qui et comment ?<br \/><em><strong>K. B.<br \/>bakoukader@yahoo.fr<\/strong><\/em><\/p>\n<p>Auteur:<br \/>\n<a href=\"https:\/\/www.lesoirdalgerie.com\/culture\/une-mosquee-ou-une-cathedrale-de-haine-23203\">Cliquez ici pour lire l&rsquo;article depuis sa source.<\/a><\/p>\n","protected":false},"excerpt":{"rendered":"<p>Les gens lui ont donn\u00e9 son nom ! Son initiateur a certainement voulu qu\u2019elle soit comme le joyau de la couronne ou le Taj Mahal \u00e0 de son long r\u00e8gne.La hauteur de la nouvelle grande mosqu\u00e9e d\u2019Alger a \u00e9t\u00e9 voulue pour d\u00e9passer celle de la cath\u00e9drale b\u00e2tie par les Fran\u00e7ais, il y a plus d\u2019un [&hellip;]<\/p>\n","protected":false},"author":1741,"featured_media":0,"comment_status":"closed","ping_status":"closed","sticky":false,"template":"","format":"standard","meta":{"fifu_image_url":"","fifu_image_alt":"","footnotes":""},"categories":[73,53],"tags":[],"class_list":["post-31740","post","type-post","status-publish","format-standard","hentry","category-actualite","category-algerie"],"_links":{"self":[{"href":"https:\/\/linitiative.ca\/International\/wp-json\/wp\/v2\/posts\/31740","targetHints":{"allow":["GET"]}}],"collection":[{"href":"https:\/\/linitiative.ca\/International\/wp-json\/wp\/v2\/posts"}],"about":[{"href":"https:\/\/linitiative.ca\/International\/wp-json\/wp\/v2\/types\/post"}],"author":[{"embeddable":true,"href":"https:\/\/linitiative.ca\/International\/wp-json\/wp\/v2\/users\/1741"}],"replies":[{"embeddable":true,"href":"https:\/\/linitiative.ca\/International\/wp-json\/wp\/v2\/comments?post=31740"}],"version-history":[{"count":0,"href":"https:\/\/linitiative.ca\/International\/wp-json\/wp\/v2\/posts\/31740\/revisions"}],"wp:attachment":[{"href":"https:\/\/linitiative.ca\/International\/wp-json\/wp\/v2\/media?parent=31740"}],"wp:term":[{"taxonomy":"category","embeddable":true,"href":"https:\/\/linitiative.ca\/International\/wp-json\/wp\/v2\/categories?post=31740"},{"taxonomy":"post_tag","embeddable":true,"href":"https:\/\/linitiative.ca\/International\/wp-json\/wp\/v2\/tags?post=31740"}],"curies":[{"name":"wp","href":"https:\/\/api.w.org\/{rel}","templated":true}]}}