{"id":31741,"date":"2019-05-02T06:00:00","date_gmt":"2019-05-02T10:00:00","guid":{"rendered":"https:\/\/linitiative.ca\/International\/atelier-de-formation-aux-techniques-de-construction-en-terre\/"},"modified":"2019-05-02T06:00:00","modified_gmt":"2019-05-02T10:00:00","slug":"atelier-de-formation-aux-techniques-de-construction-en-terre","status":"publish","type":"post","link":"https:\/\/linitiative.ca\/International\/atelier-de-formation-aux-techniques-de-construction-en-terre\/","title":{"rendered":"Atelier de formation aux techniques de construction en terre"},"content":{"rendered":"<p>Un atelier de formation aux techniques de construction en terre s\u2019est ouvert dimanche, \u00e0 M\u2019doukal (130 km au sud-ouest de Batna), dans le cadre de la c\u00e9l\u00e9bration du Mois du patrimoine.\u00a0<br \/>Des \u00e9tudiants en architecture et en arch\u00e9ologie venus de Skikda, Biskra, Blida, Laghouat, Oran, Mila et Batna ainsi que des membres d\u2019associations int\u00e9ress\u00e9es par le patrimoine b\u00e2ti participent \u00e0 cet atelier de deux jours, a affirm\u00e9, \u00e0 l\u2019APS, le directeur de la culture Omar Kebbour.\u00a0<br \/>L\u2019initiative souligne l\u2019importance du recours \u00e0 ce mode de construction dans les actions de restauration de cit\u00e9s anciennes \u00e0 l\u2019instar de M\u2019doukal construite en terre dans le style des ksour du Sahara, a soulign\u00e9, pour\u00a0 sa part, Asma Ghenam, responsable du service de valorisation du patrimoine \u00e0 la direction de la culture.\u00a0<br \/>Des sp\u00e9cialistes des deux wilayas de Biskra et Tizi-Ouzou encadrent cet\u00a0 atelier portant sur cette technique de construction \u00e9cologique, recyclable\u00a0 et \u00abamie\u00bb de l\u2019environnement, selon la m\u00eame source.\u00a0<br \/>Une sortie sur terrain vers le ksar de M\u2019doukal a \u00e9t\u00e9 \u00e9galement organis\u00e9e au premier jour de cette formation organis\u00e9e conjointement par l\u2019APC de M\u2019doukal et l\u2019association Teghanimet pour la culture et les arts de Batna.\u00a0\u00a0<\/p>\n<p>Auteur:<br \/>\n<a href=\"https:\/\/www.lesoirdalgerie.com\/culture\/atelier-de-formation-aux-techniques-de-construction-en-terre-23202\">Cliquez ici pour lire l&rsquo;article depuis sa source.<\/a><\/p>\n","protected":false},"excerpt":{"rendered":"<p>Un atelier de formation aux techniques de construction en terre s\u2019est ouvert dimanche, \u00e0 M\u2019doukal (130 km au sud-ouest de Batna), dans le cadre de la c\u00e9l\u00e9bration du Mois du patrimoine.\u00a0Des \u00e9tudiants en architecture et en arch\u00e9ologie venus de Skikda, Biskra, Blida, Laghouat, Oran, Mila et Batna ainsi que des membres d\u2019associations int\u00e9ress\u00e9es par le [&hellip;]<\/p>\n","protected":false},"author":1741,"featured_media":0,"comment_status":"closed","ping_status":"closed","sticky":false,"template":"","format":"standard","meta":{"fifu_image_url":"","fifu_image_alt":"","footnotes":""},"categories":[73,53],"tags":[],"class_list":["post-31741","post","type-post","status-publish","format-standard","hentry","category-actualite","category-algerie"],"_links":{"self":[{"href":"https:\/\/linitiative.ca\/International\/wp-json\/wp\/v2\/posts\/31741","targetHints":{"allow":["GET"]}}],"collection":[{"href":"https:\/\/linitiative.ca\/International\/wp-json\/wp\/v2\/posts"}],"about":[{"href":"https:\/\/linitiative.ca\/International\/wp-json\/wp\/v2\/types\/post"}],"author":[{"embeddable":true,"href":"https:\/\/linitiative.ca\/International\/wp-json\/wp\/v2\/users\/1741"}],"replies":[{"embeddable":true,"href":"https:\/\/linitiative.ca\/International\/wp-json\/wp\/v2\/comments?post=31741"}],"version-history":[{"count":0,"href":"https:\/\/linitiative.ca\/International\/wp-json\/wp\/v2\/posts\/31741\/revisions"}],"wp:attachment":[{"href":"https:\/\/linitiative.ca\/International\/wp-json\/wp\/v2\/media?parent=31741"}],"wp:term":[{"taxonomy":"category","embeddable":true,"href":"https:\/\/linitiative.ca\/International\/wp-json\/wp\/v2\/categories?post=31741"},{"taxonomy":"post_tag","embeddable":true,"href":"https:\/\/linitiative.ca\/International\/wp-json\/wp\/v2\/tags?post=31741"}],"curies":[{"name":"wp","href":"https:\/\/api.w.org\/{rel}","templated":true}]}}