{"id":31743,"date":"2019-05-02T06:00:00","date_gmt":"2019-05-02T10:00:00","guid":{"rendered":"https:\/\/linitiative.ca\/International\/concert-de-promotion-pour-la-sortie-dun-coffret-des-six-associations-de-blida\/"},"modified":"2019-05-02T06:00:00","modified_gmt":"2019-05-02T10:00:00","slug":"concert-de-promotion-pour-la-sortie-dun-coffret-des-six-associations-de-blida","status":"publish","type":"post","link":"https:\/\/linitiative.ca\/International\/concert-de-promotion-pour-la-sortie-dun-coffret-des-six-associations-de-blida\/","title":{"rendered":"Concert de promotion pour la sortie d\u2019un coffret des six associations de Blida"},"content":{"rendered":"<p>Les enregistrements de ces CD en studio ont \u00e9t\u00e9 entrepris au mois de septembre 2017. Un orchestre fut constitu\u00e9 pour c\u00e9l\u00e9brer musicalement la sortie de ce coffret.\u00a0<br \/>Un concert de musique arabo-andalouse et hawzi sera donn\u00e9 aujourd\u2019hui jeudi \u00e0 la salle des conf\u00e9rences de la wilaya de Blida et ce, dans le cadre de la promotion de sortie du coffret contenant six CD enregistr\u00e9s par six associations musicales de Blida que sont El-Adabia, Nedjma, El-Widadia, El Djenadia, El-Moutribia et Diar El-Andalous. C\u2019est ainsi que des musiciens issus de ces six associations vont monter sur sc\u00e8ne pour interpr\u00e9ter la nouba sika ainsi qu\u2019une s\u00e9rie de chants hawzi, et cela sous la direction de Mahfoud Sameti, pr\u00e9sident et chef d\u2019orchestre de l\u2019association Nedjma.<br \/>Il est \u00e0 noter que les enregistrements de ces CD en studio ont \u00e9t\u00e9 effectu\u00e9s en\u00a0 septembre 2017. Suite \u00e0 cette initiative, un orchestre fut mis sur pied pour c\u00e9l\u00e9brer musicalement la sortie de ce coffret.<br \/>Rappelons que de grands efforts ont \u00e9t\u00e9 entrepris par les six associations pour faire aboutir ce projet qui redonnera, \u00e0 coup s\u00fbr, de la valeur au patrimoine musical de Blida, lequel patrimoine conna\u00eet, malheureusement, un certain recul ces derni\u00e8res ann\u00e9es. Sur un autre plan, les m\u00e9lomanes vont se retremper dans l\u2019ambiance musicale blid\u00e9enne qui \u00e9tait sienne des ann\u00e9es durant. Cette relance sera effective avec la restauration de la salle Mohamed-Touri, \u00e0 d\u00e9faut d\u2019une salle de spectacle digne de ce nom, car Blida n\u2019a pas eu la chance d\u2019avoir un \u00e9tablissement artistique pouvant accueillir des concerts ou autres pi\u00e8ces de th\u00e9\u00e2tre.<br \/>\u00a0M. Belarbi<\/p>\n<p>Auteur:<br \/>\n<a href=\"https:\/\/www.lesoirdalgerie.com\/culture\/concert-de-promotion-pour-la-sortie-dun-coffret-des-six-associations-de-blida-23200\">Cliquez ici pour lire l&rsquo;article depuis sa source.<\/a><\/p>\n","protected":false},"excerpt":{"rendered":"<p>Les enregistrements de ces CD en studio ont \u00e9t\u00e9 entrepris au mois de septembre 2017. Un orchestre fut constitu\u00e9 pour c\u00e9l\u00e9brer musicalement la sortie de ce coffret.\u00a0Un concert de musique arabo-andalouse et hawzi sera donn\u00e9 aujourd\u2019hui jeudi \u00e0 la salle des conf\u00e9rences de la wilaya de Blida et ce, dans le cadre de la promotion [&hellip;]<\/p>\n","protected":false},"author":1741,"featured_media":0,"comment_status":"closed","ping_status":"closed","sticky":false,"template":"","format":"standard","meta":{"fifu_image_url":"","fifu_image_alt":"","footnotes":""},"categories":[73,53],"tags":[],"class_list":["post-31743","post","type-post","status-publish","format-standard","hentry","category-actualite","category-algerie"],"_links":{"self":[{"href":"https:\/\/linitiative.ca\/International\/wp-json\/wp\/v2\/posts\/31743","targetHints":{"allow":["GET"]}}],"collection":[{"href":"https:\/\/linitiative.ca\/International\/wp-json\/wp\/v2\/posts"}],"about":[{"href":"https:\/\/linitiative.ca\/International\/wp-json\/wp\/v2\/types\/post"}],"author":[{"embeddable":true,"href":"https:\/\/linitiative.ca\/International\/wp-json\/wp\/v2\/users\/1741"}],"replies":[{"embeddable":true,"href":"https:\/\/linitiative.ca\/International\/wp-json\/wp\/v2\/comments?post=31743"}],"version-history":[{"count":0,"href":"https:\/\/linitiative.ca\/International\/wp-json\/wp\/v2\/posts\/31743\/revisions"}],"wp:attachment":[{"href":"https:\/\/linitiative.ca\/International\/wp-json\/wp\/v2\/media?parent=31743"}],"wp:term":[{"taxonomy":"category","embeddable":true,"href":"https:\/\/linitiative.ca\/International\/wp-json\/wp\/v2\/categories?post=31743"},{"taxonomy":"post_tag","embeddable":true,"href":"https:\/\/linitiative.ca\/International\/wp-json\/wp\/v2\/tags?post=31743"}],"curies":[{"name":"wp","href":"https:\/\/api.w.org\/{rel}","templated":true}]}}