{"id":31764,"date":"2019-05-02T15:14:03","date_gmt":"2019-05-02T19:14:03","guid":{"rendered":"https:\/\/linitiative.ca\/International\/tunisie-mohamed-al-awset-ayari-annonce-sa-candidature-aux-presidentielles\/"},"modified":"2019-05-02T15:14:03","modified_gmt":"2019-05-02T19:14:03","slug":"tunisie-mohamed-al-awset-ayari-annonce-sa-candidature-aux-presidentielles","status":"publish","type":"post","link":"https:\/\/linitiative.ca\/International\/tunisie-mohamed-al-awset-ayari-annonce-sa-candidature-aux-presidentielles\/","title":{"rendered":"Tunisie \u2013 Mohamed Al Awset Ayari annonce sa candidature aux pr\u00e9sidentielles"},"content":{"rendered":"<div class=\"post-cont-in left relative\">\n<p>Le savant et grand conseiller aupr\u00e8s de la NASA, le tunisien, Mohamed Al Awsat Ayari, a annonc\u00e9 qu\u2019il allait se pr\u00e9senter aux prochaines \u00e9lections pr\u00e9sidentielles qui se d\u00e9rouleront fin 2019.<\/p>\n<p>Il a expliqu\u00e9 qu\u2019il allait se pr\u00e9senter pour essayer de reconstruire le pays sur des bases solides et modernes, apr\u00e8s qu\u2019il ait \u00e9t\u00e9 an\u00e9anti \u00e0 un degr\u00e9 jamais \u00e9gal\u00e9, par ceux qui l\u2019ont gouvern\u00e9 ces derni\u00e8res ann\u00e9es.<\/p>\n<div class=\"code-block code-block-1 c3\"><ins class=\"adsbygoogle c2\" data-ad-layout=\"in-article\" data-ad-format=\"fluid\" data-ad-client=\"ca-pub-2102118777505746\" data-ad-slot=\"7301775417\"\/> <\/div>\n<p>A noter que Ayari b\u00e9n\u00e9ficie de nombreuses amiti\u00e9s aux USA o\u00f9 il r\u00e9side, aussi bien dans le monde des scientifiques que dans celui des finances et de la politique.<\/p>\n<div class=\"mvp-org-wrap mvp-org-logo\" itemprop=\"publisher\" itemscope=\"\" itemtype=\"https:\/\/schema.org\/Organization\"><img decoding=\"async\" src=\"https:\/\/www.tunisienumerique.com\/wp-content\/uploads\/2017\/02\/logo_tunisie_numerique.png\"\/><\/div>\n<div class=\"mvp-related-posts left relative\">\n<h4 class=\"post-header\"><span class=\"post-header\">Lire aussi<\/span><\/h4>\n<\/div>\n<\/div>\n<p>Auteur: LM<br \/>\n<a href=\"https:\/\/www.tunisienumerique.com\/tunisie-mohamed-al-awset-ayari-annonce-sa-candidature-aux-presidentielles\/\">Cliquez ici pour lire l&rsquo;article depuis sa source.<\/a><\/p>\n","protected":false},"excerpt":{"rendered":"<p>Le savant et grand conseiller aupr\u00e8s de la NASA, le tunisien, Mohamed Al Awsat Ayari, a annonc\u00e9 qu\u2019il allait se pr\u00e9senter aux prochaines \u00e9lections pr\u00e9sidentielles qui se d\u00e9rouleront fin 2019. Il a expliqu\u00e9 qu\u2019il allait se pr\u00e9senter pour essayer de reconstruire le pays sur des bases solides et modernes, apr\u00e8s qu\u2019il ait \u00e9t\u00e9 an\u00e9anti \u00e0 [&hellip;]<\/p>\n","protected":false},"author":1789,"featured_media":31765,"comment_status":"closed","ping_status":"closed","sticky":false,"template":"","format":"standard","meta":{"fifu_image_url":"","fifu_image_alt":"","footnotes":""},"categories":[73,55],"tags":[],"class_list":["post-31764","post","type-post","status-publish","format-standard","has-post-thumbnail","hentry","category-actualite","category-tunisie"],"_links":{"self":[{"href":"https:\/\/linitiative.ca\/International\/wp-json\/wp\/v2\/posts\/31764","targetHints":{"allow":["GET"]}}],"collection":[{"href":"https:\/\/linitiative.ca\/International\/wp-json\/wp\/v2\/posts"}],"about":[{"href":"https:\/\/linitiative.ca\/International\/wp-json\/wp\/v2\/types\/post"}],"author":[{"embeddable":true,"href":"https:\/\/linitiative.ca\/International\/wp-json\/wp\/v2\/users\/1789"}],"replies":[{"embeddable":true,"href":"https:\/\/linitiative.ca\/International\/wp-json\/wp\/v2\/comments?post=31764"}],"version-history":[{"count":0,"href":"https:\/\/linitiative.ca\/International\/wp-json\/wp\/v2\/posts\/31764\/revisions"}],"wp:featuredmedia":[{"embeddable":true,"href":"https:\/\/linitiative.ca\/International\/wp-json\/"}],"wp:attachment":[{"href":"https:\/\/linitiative.ca\/International\/wp-json\/wp\/v2\/media?parent=31764"}],"wp:term":[{"taxonomy":"category","embeddable":true,"href":"https:\/\/linitiative.ca\/International\/wp-json\/wp\/v2\/categories?post=31764"},{"taxonomy":"post_tag","embeddable":true,"href":"https:\/\/linitiative.ca\/International\/wp-json\/wp\/v2\/tags?post=31764"}],"curies":[{"name":"wp","href":"https:\/\/api.w.org\/{rel}","templated":true}]}}