{"id":31766,"date":"2019-05-02T15:31:11","date_gmt":"2019-05-02T19:31:11","guid":{"rendered":"https:\/\/linitiative.ca\/International\/naufrage-dune-barque-de-clandestins-tunisiens-au-large-de-la-sicile\/"},"modified":"2019-05-02T15:31:11","modified_gmt":"2019-05-02T19:31:11","slug":"naufrage-dune-barque-de-clandestins-tunisiens-au-large-de-la-sicile","status":"publish","type":"post","link":"https:\/\/linitiative.ca\/International\/naufrage-dune-barque-de-clandestins-tunisiens-au-large-de-la-sicile\/","title":{"rendered":"Naufrage d\u2019une barque de clandestins tunisiens au large de la Sicile"},"content":{"rendered":"<div class=\"post-cont-in left relative\">\n<p>Le journal La Stampa a annonc\u00e9 qu\u2019une barque transportant 30 migrants tunisiens clandestins a \u00e9chou\u00e9 en regard des c\u00f4tes siciliennes.<\/p>\n<p>La m\u00eame source a annonc\u00e9 que 25 rescap\u00e9s ont \u00e9t\u00e9 r\u00e9cup\u00e9r\u00e9s, dont des mineurs, et ont \u00e9t\u00e9 arr\u00eat\u00e9s, alors que d\u2019autres souffrants de traumatismes divers, ont du \u00eatre hospitalis\u00e9s.<\/p>\n<div class=\"code-block code-block-1 c3\"><ins class=\"adsbygoogle c2\" data-ad-layout=\"in-article\" data-ad-format=\"fluid\" data-ad-client=\"ca-pub-2102118777505746\" data-ad-slot=\"7301775417\"\/> <\/div>\n<div class=\"mvp-org-wrap mvp-org-logo\" itemprop=\"publisher\" itemscope=\"\" itemtype=\"https:\/\/schema.org\/Organization\"><img decoding=\"async\" src=\"https:\/\/www.tunisienumerique.com\/wp-content\/uploads\/2017\/02\/logo_tunisie_numerique.png\"\/><\/div>\n<div class=\"mvp-related-posts left relative\">\n<h4 class=\"post-header\"><span class=\"post-header\">Lire aussi<\/span><\/h4>\n<\/div>\n<\/div>\n<p>Auteur: LM<br \/>\n<a href=\"https:\/\/www.tunisienumerique.com\/naufrage-dune-barque-de-clandestins-tunisiens-au-large-de-la-sicile\/\">Cliquez ici pour lire l&rsquo;article depuis sa source.<\/a><\/p>\n","protected":false},"excerpt":{"rendered":"<p>Le journal La Stampa a annonc\u00e9 qu\u2019une barque transportant 30 migrants tunisiens clandestins a \u00e9chou\u00e9 en regard des c\u00f4tes siciliennes. La m\u00eame source a annonc\u00e9 que 25 rescap\u00e9s ont \u00e9t\u00e9 r\u00e9cup\u00e9r\u00e9s, dont des mineurs, et ont \u00e9t\u00e9 arr\u00eat\u00e9s, alors que d\u2019autres souffrants de traumatismes divers, ont du \u00eatre hospitalis\u00e9s. Lire aussi Auteur: LM Cliquez ici [&hellip;]<\/p>\n","protected":false},"author":1789,"featured_media":31767,"comment_status":"closed","ping_status":"closed","sticky":false,"template":"","format":"standard","meta":{"fifu_image_url":"","fifu_image_alt":"","footnotes":""},"categories":[73,55],"tags":[],"class_list":["post-31766","post","type-post","status-publish","format-standard","has-post-thumbnail","hentry","category-actualite","category-tunisie"],"_links":{"self":[{"href":"https:\/\/linitiative.ca\/International\/wp-json\/wp\/v2\/posts\/31766","targetHints":{"allow":["GET"]}}],"collection":[{"href":"https:\/\/linitiative.ca\/International\/wp-json\/wp\/v2\/posts"}],"about":[{"href":"https:\/\/linitiative.ca\/International\/wp-json\/wp\/v2\/types\/post"}],"author":[{"embeddable":true,"href":"https:\/\/linitiative.ca\/International\/wp-json\/wp\/v2\/users\/1789"}],"replies":[{"embeddable":true,"href":"https:\/\/linitiative.ca\/International\/wp-json\/wp\/v2\/comments?post=31766"}],"version-history":[{"count":0,"href":"https:\/\/linitiative.ca\/International\/wp-json\/wp\/v2\/posts\/31766\/revisions"}],"wp:featuredmedia":[{"embeddable":true,"href":"https:\/\/linitiative.ca\/International\/wp-json\/"}],"wp:attachment":[{"href":"https:\/\/linitiative.ca\/International\/wp-json\/wp\/v2\/media?parent=31766"}],"wp:term":[{"taxonomy":"category","embeddable":true,"href":"https:\/\/linitiative.ca\/International\/wp-json\/wp\/v2\/categories?post=31766"},{"taxonomy":"post_tag","embeddable":true,"href":"https:\/\/linitiative.ca\/International\/wp-json\/wp\/v2\/tags?post=31766"}],"curies":[{"name":"wp","href":"https:\/\/api.w.org\/{rel}","templated":true}]}}