{"id":31779,"date":"2019-05-02T14:18:06","date_gmt":"2019-05-02T18:18:06","guid":{"rendered":"https:\/\/linitiative.ca\/International\/batisseurs-de-leconomie-africaine-la-directrice-de-la-banque-du-tresor-de-cote-divoire-primee\/"},"modified":"2019-05-02T14:18:06","modified_gmt":"2019-05-02T18:18:06","slug":"batisseurs-de-leconomie-africaine-la-directrice-de-la-banque-du-tresor-de-cote-divoire-primee","status":"publish","type":"post","link":"https:\/\/linitiative.ca\/International\/batisseurs-de-leconomie-africaine-la-directrice-de-la-banque-du-tresor-de-cote-divoire-primee\/","title":{"rendered":"B\u00e2tisseurs de l\u2019\u00e9conomie africaine : la Directrice de la banque du Tr\u00e9sor de C\u00f4te d\u2019Ivoire prim\u00e9e"},"content":{"rendered":"<div readability=\"32\">\n<p>Publi\u00e9 le 02.05.2019 \u00e0 19h18 par APA News<\/p>\n<\/div>\n<div readability=\"85\">\n<p>La Directrice de la Banque du Tr\u00e9sor, Akissi Antonie Koffi, \u00e9pouse No\u00ebl a \u00e9t\u00e9 prim\u00e9e, vendredi dernier , \u00e0 Abidjan , au cours de la 10e \u00e9dition de la c\u00e9r\u00e9monie des b\u00e2tisseurs de l\u2019\u00e9conomie africaine.Selon une note d\u2019information du Tr\u00e9sor, transmise \u00e0 APA jeudi, citant l\u2019initiateur de la c\u00e9r\u00e9monie, Russel Lohor\u00e9 , cette \u00ab 10e \u00e9dition des b\u00e2tisseurs de l\u2019\u00e9conomie africaine a eu pour particularit\u00e9 d\u2019encourager davantage les efforts des femmes \u00bb.<\/p>\n<p>\u00ab En offrant une place importante aux femmes dans le cadre de cet \u00e9v\u00e9nement, nous entendons inciter les dirigeants africains \u00e0 mettre en \u0153uvre des initiatives de haute port\u00e9e permettant une inclusion durable de la gent f\u00e9minine dans l\u2019\u00e9cosyst\u00e8me \u00e9conomique \u00bb a expliqu\u00e9 M. Lohor\u00e9.<\/p>\n<p>Pour lui, \u00a0\u00ab la Directrice de la Banque des D\u00e9p\u00f4ts du Tr\u00e9sor Public de C\u00f4te d\u2019Ivoire est un bel exemple de la femme qui excelle dans le top management \u00bb.<\/p>\n<p>\u00ab A la t\u00eate de la Banque \u00a0depuis 2016, elle pilote la centralisation et la gestion des fonds des administrations publiques et des personnes morales de droit public ainsi que des d\u00e9p\u00f4ts des personnes physiques et des personnes morales de droit priv\u00e9 \u00bb, a argument\u00e9 Russel Lohor\u00e9 saluant le professionnalisme de Mme Noel.<\/p>\n<p>La laur\u00e9ate a, pour sa part, d\u00e9di\u00e9 son prix \u00e0 toutes les femmes africaines \u00ab tout en les appelant \u00e0 exceller dans tous leurs domaines d\u2019activit\u00e9s o\u00f9 elles exercent pour une Afrique encore plus prosp\u00e8re\u00bb.<\/p>\n<p><ins data-revive-zoneid=\"9\" data-revive-id=\"10111e19d28d19d031742ee3b0b33eb0\"\/> <\/p>\n<p>\u00ab Elle a aussi exprim\u00e9 sa reconnaissance au premier responsable du Tr\u00e9sor Public, Jacques Konan Assahor\u00e9 pour la confiance plac\u00e9e en elle ainsi que son encadrement et ses orientations qui lui ont permis de se hisser \u00e0 ce niveau \u00bb, conclut le texte.<\/p>\n<p>Initi\u00e9e en 2006, cette manifestation d\u00e9nomm\u00e9e \u00ab\u00a0les B\u00e2tisseurs de l\u2019\u00e9conomie africaine\u00a0\u00bb, a pour objectif de distinguer et promouvoir les entrepreneurs, les hommes d\u2019affaires, les chefs d\u2019entreprise, les entreprises et institutions \u00e9conomiques et financi\u00e8res africaines les plus m\u00e9ritants, les meilleurs talents de la diaspora africaine ainsi que des investisseurs internationaux d\u2019envergure.<\/p>\n<p>\u00ab\u00a0Entreprendre pour l\u2019int\u00e9gration \u00e9conomique \u00bb \u00e9tait le th\u00e8me de cette \u00e9dition.<\/p>\n<\/div>\n<p>Auteur: APA News<br \/>\n<a href=\"https:\/\/www.journalducameroun.com\/fr\/batisseurs-de-leconomie-africaine-la-directrice-de-la-banque-du-tresor-de-cote-divoire-primee\/\">Cliquez ici pour lire l&rsquo;article depuis sa source.<\/a><\/p>\n","protected":false},"excerpt":{"rendered":"<p>Publi\u00e9 le 02.05.2019 \u00e0 19h18 par APA News La Directrice de la Banque du Tr\u00e9sor, Akissi Antonie Koffi, \u00e9pouse No\u00ebl a \u00e9t\u00e9 prim\u00e9e, vendredi dernier , \u00e0 Abidjan , au cours de la 10e \u00e9dition de la c\u00e9r\u00e9monie des b\u00e2tisseurs de l\u2019\u00e9conomie africaine.Selon une note d\u2019information du Tr\u00e9sor, transmise \u00e0 APA jeudi, citant l\u2019initiateur de [&hellip;]<\/p>\n","protected":false},"author":1965,"featured_media":0,"comment_status":"closed","ping_status":"closed","sticky":false,"template":"","format":"standard","meta":{"fifu_image_url":"","fifu_image_alt":"","footnotes":""},"categories":[73,82],"tags":[],"class_list":["post-31779","post","type-post","status-publish","format-standard","hentry","category-actualite","category-cameroun"],"_links":{"self":[{"href":"https:\/\/linitiative.ca\/International\/wp-json\/wp\/v2\/posts\/31779","targetHints":{"allow":["GET"]}}],"collection":[{"href":"https:\/\/linitiative.ca\/International\/wp-json\/wp\/v2\/posts"}],"about":[{"href":"https:\/\/linitiative.ca\/International\/wp-json\/wp\/v2\/types\/post"}],"author":[{"embeddable":true,"href":"https:\/\/linitiative.ca\/International\/wp-json\/wp\/v2\/users\/1965"}],"replies":[{"embeddable":true,"href":"https:\/\/linitiative.ca\/International\/wp-json\/wp\/v2\/comments?post=31779"}],"version-history":[{"count":0,"href":"https:\/\/linitiative.ca\/International\/wp-json\/wp\/v2\/posts\/31779\/revisions"}],"wp:attachment":[{"href":"https:\/\/linitiative.ca\/International\/wp-json\/wp\/v2\/media?parent=31779"}],"wp:term":[{"taxonomy":"category","embeddable":true,"href":"https:\/\/linitiative.ca\/International\/wp-json\/wp\/v2\/categories?post=31779"},{"taxonomy":"post_tag","embeddable":true,"href":"https:\/\/linitiative.ca\/International\/wp-json\/wp\/v2\/tags?post=31779"}],"curies":[{"name":"wp","href":"https:\/\/api.w.org\/{rel}","templated":true}]}}