{"id":31814,"date":"2019-05-03T06:30:19","date_gmt":"2019-05-03T10:30:19","guid":{"rendered":"https:\/\/linitiative.ca\/International\/le-symposium-de-la-fibre-optique-et-des-batiments-connectes-a-tenu-ses-promesses\/"},"modified":"2019-05-03T06:30:19","modified_gmt":"2019-05-03T10:30:19","slug":"le-symposium-de-la-fibre-optique-et-des-batiments-connectes-a-tenu-ses-promesses","status":"publish","type":"post","link":"https:\/\/linitiative.ca\/International\/le-symposium-de-la-fibre-optique-et-des-batiments-connectes-a-tenu-ses-promesses\/","title":{"rendered":"Le symposium de la fibre optique et des b\u00e2timents connect\u00e9s a tenu ses promesses"},"content":{"rendered":"<header>\n<\/header>\n<div class=\"entry-content clearfix\" readability=\"50\"><img decoding=\"async\" class=\"post_layout_5_img\" src=\"http:\/\/aujourdhui.ma\/wp-content\/uploads\/2019\/05\/Le-symposium-de-la-fibre-optique-et-des-ba%CC%82timents-connecte%CC%81s.jpg?x29840\" alt=\"Le symposium de la fibre optique et des b\u00e2timents connect\u00e9s a tenu ses promesses\"\/><\/p>\n<p class=\"p1\"><span class=\"s1\"><span class=\"c4\"><strong>Franc succ\u00e8s de la 5\u00e8me \u00e9dition du symposium de la fibre optique et des b\u00e2timents connect\u00e9s. L\u2019\u00e9v\u00e9nement a connu la participation de 600 professionnels et une vingtaine d\u2019experts nationaux et internationaux.<\/strong><\/span><\/span><span id=\"more-310493\"\/><\/p>\n<p class=\"p1\"><span class=\"s1\">Il a \u00e9galement \u00e9t\u00e9 marqu\u00e9 par la signature de convention \u00e0 l\u2019instar de celle portant sur la formation de techniciens sp\u00e9cialis\u00e9s dans l\u2019installation de la fibre optique. Cette 5\u00e8me \u00e9dition a aussi d\u00e9livr\u00e9 plusieurs messages cl\u00e9s ayant permis d\u2019enrichir le d\u00e9bat autour de la n\u00e9cessit\u00e9 du d\u00e9ploiement du tr\u00e8s haut d\u00e9bit partout et pour tous.<\/span><\/p>\n<p class=\"p1\"><span class=\"s1\">La finalit\u00e9 \u00e9tant d\u2019accompagner la nouvelle dynamique num\u00e9rique que conna\u00eet le pays. Parmi les sujets phares trait\u00e9s lors de cette manifestation, le partenariat public comme solution effective dans la g\u00e9n\u00e9ralisation de la connectivit\u00e9 avanc\u00e9e sur tout le territoire.<\/span><\/p>\n<p class=\"p1\"><span class=\"s1\">Plusieurs exemples ont \u00e9t\u00e9 pr\u00e9sent\u00e9s dans ce sens, notamment celui des R\u00e9seaux d\u2019initiatives publics (RIP) en France qui se mat\u00e9rialisent par une collaboration r\u00e9ussie entre les communes, les op\u00e9rateurs t\u00e9l\u00e9coms et les bailleurs de fonds.<\/span><\/p>\n<\/div>\n<p>Auteur: ALM<br \/>\n<a href=\"http:\/\/aujourdhui.ma\/high-tech\/le-symposium-de-la-fibre-optique-et-des-batiments-connectes-a-tenu-ses-promesses\">Cliquez ici pour lire l&rsquo;article depuis sa source.<\/a><\/p>\n","protected":false},"excerpt":{"rendered":"<p>Franc succ\u00e8s de la 5\u00e8me \u00e9dition du symposium de la fibre optique et des b\u00e2timents connect\u00e9s. L\u2019\u00e9v\u00e9nement a connu la participation de 600 professionnels et une vingtaine d\u2019experts nationaux et internationaux. Il a \u00e9galement \u00e9t\u00e9 marqu\u00e9 par la signature de convention \u00e0 l\u2019instar de celle portant sur la formation de techniciens sp\u00e9cialis\u00e9s dans l\u2019installation de [&hellip;]<\/p>\n","protected":false},"author":1759,"featured_media":0,"comment_status":"closed","ping_status":"closed","sticky":false,"template":"","format":"standard","meta":{"fifu_image_url":"","fifu_image_alt":"","footnotes":""},"categories":[73,54],"tags":[],"class_list":["post-31814","post","type-post","status-publish","format-standard","hentry","category-actualite","category-maroc"],"_links":{"self":[{"href":"https:\/\/linitiative.ca\/International\/wp-json\/wp\/v2\/posts\/31814","targetHints":{"allow":["GET"]}}],"collection":[{"href":"https:\/\/linitiative.ca\/International\/wp-json\/wp\/v2\/posts"}],"about":[{"href":"https:\/\/linitiative.ca\/International\/wp-json\/wp\/v2\/types\/post"}],"author":[{"embeddable":true,"href":"https:\/\/linitiative.ca\/International\/wp-json\/wp\/v2\/users\/1759"}],"replies":[{"embeddable":true,"href":"https:\/\/linitiative.ca\/International\/wp-json\/wp\/v2\/comments?post=31814"}],"version-history":[{"count":0,"href":"https:\/\/linitiative.ca\/International\/wp-json\/wp\/v2\/posts\/31814\/revisions"}],"wp:attachment":[{"href":"https:\/\/linitiative.ca\/International\/wp-json\/wp\/v2\/media?parent=31814"}],"wp:term":[{"taxonomy":"category","embeddable":true,"href":"https:\/\/linitiative.ca\/International\/wp-json\/wp\/v2\/categories?post=31814"},{"taxonomy":"post_tag","embeddable":true,"href":"https:\/\/linitiative.ca\/International\/wp-json\/wp\/v2\/tags?post=31814"}],"curies":[{"name":"wp","href":"https:\/\/api.w.org\/{rel}","templated":true}]}}