{"id":31815,"date":"2019-05-03T06:58:52","date_gmt":"2019-05-03T10:58:52","guid":{"rendered":"https:\/\/linitiative.ca\/International\/fondation-hem-universite-citoyenne-cloture-avec-succes-de-la-22eme-edition\/"},"modified":"2019-05-03T06:58:52","modified_gmt":"2019-05-03T10:58:52","slug":"fondation-hem-universite-citoyenne-cloture-avec-succes-de-la-22eme-edition","status":"publish","type":"post","link":"https:\/\/linitiative.ca\/International\/fondation-hem-universite-citoyenne-cloture-avec-succes-de-la-22eme-edition\/","title":{"rendered":"Fondation HEM \u2013 Universit\u00e9 citoyenne : Cl\u00f4ture avec succ\u00e8s de la  22\u00e8me \u00e9dition"},"content":{"rendered":"<header>\n<\/header>\n<div class=\"entry-content clearfix\" readability=\"62\"><img decoding=\"async\" class=\"post_layout_5_img\" src=\"http:\/\/aujourdhui.ma\/wp-content\/uploads\/2019\/05\/Fondation-HEM.jpg?x29840\" alt=\"Fondation HEM \u2013 Universit\u00e9 citoyenne : Cl\u00f4ture avec succ\u00e8s de la 22\u00e8me \u00e9dition\"\/><\/p>\n<p class=\"p1\"><span class=\"s1\"><span class=\"c5\"><strong><span class=\"c4\">La Fondation HEM vient de cl\u00f4turer la 22\u00e8me \u00e9dition de l\u2019Universit\u00e9 citoyenne. Celle-ci s\u2019est<\/span> <span class=\"Apple-converted-space\">\u00a0<\/span><span class=\"c4\">d\u00e9roul\u00e9e avec succ\u00e8s de janvier \u00e0 mars 2019 et en simultan\u00e9 sur 8 villes du Royaume, \u00e0 savoir Casablanca, Rabat, Marrakech, Agadir, Tanger, T\u00e9touan, F\u00e8s et Mekn\u00e8s. Ce concept unique au Maroc vise depuis plus de 22 ans \u00e0 d\u00e9mocratiser le savoir et \u00e0 d\u00e9velopper la connaissance \u00e0 travers des cycles de s\u00e9minaires gratuits et ouverts \u00e0 tous.<\/span><\/strong><\/span><\/span> <span id=\"more-310507\"\/><\/p>\n<p class=\"p1\"><span class=\"s1\">Pour cette \u00e9dition 2019, les sujets trait\u00e9s \u00e9taient en phase avec l\u2019actualit\u00e9 du pays et touchent ainsi l\u2019ensemble des citoyens marocains. Les cours sont administr\u00e9s par des personnalit\u00e9s du monde politique et \u00e9conomique, des universitaires de renom et des experts. Parmi eux l\u2019on retrouve Driss El Yazami, Noureddine Sa\u00efl, Najib Akesbi, Nabila Mounib,<span class=\"Apple-converted-space\">\u00a0<\/span> Hassan Aourid \u2026 et bien d\u2019autres grands noms. Les s\u00e9minaires ont abord\u00e9 des sujets politiques, \u00e9conomiques et culturels.<\/span><\/p>\n<p class=\"p1\"><span class=\"s1\">Trois grandes th\u00e9matiques ont \u00e9t\u00e9 abord\u00e9es : Institutions, vie politique et droits humains ; Pens\u00e9e et soci\u00e9t\u00e9 ; \u00e9conomie et gestion de l\u2019entreprise. Pour cette 22\u00e8me \u00e9dition, l\u2019Universit\u00e9 Citoyenne a connu un v\u00e9ritable engouement avec plus de 7.700 participants qui se sont pr\u00e9sent\u00e9s et pr\u00e8s de 797 certificats d\u2019auditeurs ont \u00e9t\u00e9 remis aux participants ayant suivi 80% des s\u00e9minaires. Ces chiffres t\u00e9moignent de la confiance nationale vis-\u00e0-vis de ce concept unique au Maroc qui compte \u00e0 ce jour et depuis sa cr\u00e9ation plus de 749 s\u00e9minaires organis\u00e9s, plus de 54.765 participants et pr\u00e8s de 6.997 certificats d\u2019auditeurs remis.<\/span><\/p>\n<\/div>\n<p>Auteur: ALM<br \/>\n<a href=\"http:\/\/aujourdhui.ma\/emploi\/formation\/fondation-hem-universite-citoyenne-cloture-avec-succes-de-la-22eme-edition\">Cliquez ici pour lire l&rsquo;article depuis sa source.<\/a><\/p>\n","protected":false},"excerpt":{"rendered":"<p>La Fondation HEM vient de cl\u00f4turer la 22\u00e8me \u00e9dition de l\u2019Universit\u00e9 citoyenne. Celle-ci s\u2019est \u00a0d\u00e9roul\u00e9e avec succ\u00e8s de janvier \u00e0 mars 2019 et en simultan\u00e9 sur 8 villes du Royaume, \u00e0 savoir Casablanca, Rabat, Marrakech, Agadir, Tanger, T\u00e9touan, F\u00e8s et Mekn\u00e8s. Ce concept unique au Maroc vise depuis plus de 22 ans \u00e0 d\u00e9mocratiser le [&hellip;]<\/p>\n","protected":false},"author":1759,"featured_media":0,"comment_status":"closed","ping_status":"closed","sticky":false,"template":"","format":"standard","meta":{"fifu_image_url":"","fifu_image_alt":"","footnotes":""},"categories":[73,54],"tags":[],"class_list":["post-31815","post","type-post","status-publish","format-standard","hentry","category-actualite","category-maroc"],"_links":{"self":[{"href":"https:\/\/linitiative.ca\/International\/wp-json\/wp\/v2\/posts\/31815","targetHints":{"allow":["GET"]}}],"collection":[{"href":"https:\/\/linitiative.ca\/International\/wp-json\/wp\/v2\/posts"}],"about":[{"href":"https:\/\/linitiative.ca\/International\/wp-json\/wp\/v2\/types\/post"}],"author":[{"embeddable":true,"href":"https:\/\/linitiative.ca\/International\/wp-json\/wp\/v2\/users\/1759"}],"replies":[{"embeddable":true,"href":"https:\/\/linitiative.ca\/International\/wp-json\/wp\/v2\/comments?post=31815"}],"version-history":[{"count":0,"href":"https:\/\/linitiative.ca\/International\/wp-json\/wp\/v2\/posts\/31815\/revisions"}],"wp:attachment":[{"href":"https:\/\/linitiative.ca\/International\/wp-json\/wp\/v2\/media?parent=31815"}],"wp:term":[{"taxonomy":"category","embeddable":true,"href":"https:\/\/linitiative.ca\/International\/wp-json\/wp\/v2\/categories?post=31815"},{"taxonomy":"post_tag","embeddable":true,"href":"https:\/\/linitiative.ca\/International\/wp-json\/wp\/v2\/tags?post=31815"}],"curies":[{"name":"wp","href":"https:\/\/api.w.org\/{rel}","templated":true}]}}