{"id":31816,"date":"2019-05-03T06:59:15","date_gmt":"2019-05-03T10:59:15","guid":{"rendered":"https:\/\/linitiative.ca\/International\/dedie-aux-activites-parascolaires-ptit-une-nouvelle-adresse-pour-stimuler-lintelligence-de-votre-cherubin\/"},"modified":"2019-05-03T06:59:15","modified_gmt":"2019-05-03T10:59:15","slug":"dedie-aux-activites-parascolaires-ptit-une-nouvelle-adresse-pour-stimuler-lintelligence-de-votre-cherubin","status":"publish","type":"post","link":"https:\/\/linitiative.ca\/International\/dedie-aux-activites-parascolaires-ptit-une-nouvelle-adresse-pour-stimuler-lintelligence-de-votre-cherubin\/","title":{"rendered":"D\u00e9di\u00e9 aux activit\u00e9s parascolaires : P\u2019tit+, une nouvelle adresse pour stimuler l\u2019intelligence de votre ch\u00e9rubin"},"content":{"rendered":"<header>\n<\/header>\n<div class=\"entry-content clearfix\" readability=\"53\"><img decoding=\"async\" class=\"post_layout_5_img\" src=\"http:\/\/aujourdhui.ma\/wp-content\/uploads\/2019\/05\/Yasmine-Bennani-Fondatrice-de-la-socie%CC%81te%CC%81-P%E2%80%99tit.jpg?x29840\" alt=\"D\u00e9di\u00e9 aux activit\u00e9s parascolaires : P\u2019tit+, une nouvelle adresse pour stimuler l\u2019intelligence de votre ch\u00e9rubin\"\/><\/p>\n<p class=\"p1\"><span class=\"s1\"><span class=\"c4\"><strong>Les parents int\u00e9ress\u00e9s par une \u00e9ducation moderne pour leurs enfants trouveront bien leur compte chez P\u2019tit+.<\/strong><\/span><\/span> <span id=\"more-310508\"\/><\/p>\n<p class=\"p1\"><span class=\"s1\">Cette structure innovante, id\u00e9alement situ\u00e9e au sein du centre Paranfa \u00e0 Casablanca, vient d\u2019\u00eatre con\u00e7ue par Yasmine Bennani, fondatrice de la soci\u00e9t\u00e9 PP+, sp\u00e9cialiste de la \u00abp\u00e9dagogie positive\u00bb et de l\u2019accompagnement des structures scolaires et parascolaires.<\/span><\/p>\n<p class=\"p1\"><span class=\"s1\">L\u2019objectif \u00e9tant, selon ses dires, de r\u00e9pondre \u00e0 une tendance forte de l\u2019\u00e9ducation moderne, en int\u00e9grant au mieux les notions d\u2019intelligence \u00e9motionnelle, d\u2019\u00e9ducation bienveillante et les solutions psycho p\u00e9dagogiques fond\u00e9es sur la confiance en soi et la communication. <em>\u00abP\u2019tit+ souhaite apporter \u00e0 chaque enfant le \u00abpetit plus\u00bb, ce coup de pouce, cette petite dose d\u2019attention si pr\u00e9cieuse qui lui permettront de se sentir mieux dans la vie et \u00e0 l\u2019\u00e9cole\u00bb,<\/em> exalte-t-elle.<\/span><\/p>\n<\/div>\n<p>Auteur: ALM<br \/>\n<a href=\"http:\/\/aujourdhui.ma\/societe\/dedie-aux-activites-parascolaires-ptit-une-nouvelle-adresse-pour-stimuler-lintelligence-de-votre-cherubin\">Cliquez ici pour lire l&rsquo;article depuis sa source.<\/a><\/p>\n","protected":false},"excerpt":{"rendered":"<p>Les parents int\u00e9ress\u00e9s par une \u00e9ducation moderne pour leurs enfants trouveront bien leur compte chez P\u2019tit+. Cette structure innovante, id\u00e9alement situ\u00e9e au sein du centre Paranfa \u00e0 Casablanca, vient d\u2019\u00eatre con\u00e7ue par Yasmine Bennani, fondatrice de la soci\u00e9t\u00e9 PP+, sp\u00e9cialiste de la \u00abp\u00e9dagogie positive\u00bb et de l\u2019accompagnement des structures scolaires et parascolaires. L\u2019objectif \u00e9tant, selon [&hellip;]<\/p>\n","protected":false},"author":1759,"featured_media":0,"comment_status":"closed","ping_status":"closed","sticky":false,"template":"","format":"standard","meta":{"fifu_image_url":"","fifu_image_alt":"","footnotes":""},"categories":[73,54],"tags":[],"class_list":["post-31816","post","type-post","status-publish","format-standard","hentry","category-actualite","category-maroc"],"_links":{"self":[{"href":"https:\/\/linitiative.ca\/International\/wp-json\/wp\/v2\/posts\/31816","targetHints":{"allow":["GET"]}}],"collection":[{"href":"https:\/\/linitiative.ca\/International\/wp-json\/wp\/v2\/posts"}],"about":[{"href":"https:\/\/linitiative.ca\/International\/wp-json\/wp\/v2\/types\/post"}],"author":[{"embeddable":true,"href":"https:\/\/linitiative.ca\/International\/wp-json\/wp\/v2\/users\/1759"}],"replies":[{"embeddable":true,"href":"https:\/\/linitiative.ca\/International\/wp-json\/wp\/v2\/comments?post=31816"}],"version-history":[{"count":0,"href":"https:\/\/linitiative.ca\/International\/wp-json\/wp\/v2\/posts\/31816\/revisions"}],"wp:attachment":[{"href":"https:\/\/linitiative.ca\/International\/wp-json\/wp\/v2\/media?parent=31816"}],"wp:term":[{"taxonomy":"category","embeddable":true,"href":"https:\/\/linitiative.ca\/International\/wp-json\/wp\/v2\/categories?post=31816"},{"taxonomy":"post_tag","embeddable":true,"href":"https:\/\/linitiative.ca\/International\/wp-json\/wp\/v2\/tags?post=31816"}],"curies":[{"name":"wp","href":"https:\/\/api.w.org\/{rel}","templated":true}]}}