{"id":31833,"date":"2019-05-03T09:31:29","date_gmt":"2019-05-03T13:31:29","guid":{"rendered":"https:\/\/linitiative.ca\/International\/apres-larrestation-de-lexpert-pour-espionnage-lonu-revient-a-la-charge-pour-la-liberation-de-moncef-kartas\/"},"modified":"2019-05-03T09:31:29","modified_gmt":"2019-05-03T13:31:29","slug":"apres-larrestation-de-lexpert-pour-espionnage-lonu-revient-a-la-charge-pour-la-liberation-de-moncef-kartas","status":"publish","type":"post","link":"https:\/\/linitiative.ca\/International\/apres-larrestation-de-lexpert-pour-espionnage-lonu-revient-a-la-charge-pour-la-liberation-de-moncef-kartas\/","title":{"rendered":"Apr\u00e8s l\u2019arrestation de l\u2019expert pour \u00ab espionnage \u00bb : L\u2019ONU revient \u00e0 la charge pour la lib\u00e9ration de Moncef Kartas"},"content":{"rendered":"<p>L\u2019affaire de l\u2019expert des Nations-Unies garde tous ses secrets, surtout que l\u2019enqu\u00eate se poursuit et qu\u2019aucune nouvelle ne filtre, concernant les d\u00e9veloppements. Toutefois, l\u2019expert est maintenu en prison et Diego Zorrilla, Coordonnateur r\u00e9sident des Nations Unies en Tunisie, a appel\u00e9, de nouveau, hier les autorit\u00e9s tunisiennes \u00e0 \u00ab lib\u00e9rer l\u2019enqu\u00eateur de l\u2019ONU Moncef Kartas et \u00e0 lui restituer tous les \u00e9quipements techniques qui \u00e9taient en sa possession au moment de son arrestation \u00bb.<\/p>\n<p>Dans une d\u00e9claration donn\u00e9e \u00e0 l\u2019agence TAP, en marge de la c\u00e9l\u00e9bration de la journ\u00e9e mondiale de la libert\u00e9 de la presse, le responsable onusien a estim\u00e9 que l\u2019arrestation de Kartas a \u00e9t\u00e9 effectu\u00e9e \u00ab de mani\u00e8re ill\u00e9gale \u00bb, compte tenu de son statut d\u2019expert mandat\u00e9 par le secr\u00e9taire g\u00e9n\u00e9ral des Nations Unies pour effectuer un travail dans le cadre du panel des experts du comit\u00e9 du Conseil de s\u00e9curit\u00e9 des Nations unies cr\u00e9\u00e9 par la r\u00e9solution 1973 sur la Libye en 2011.<\/p>\n<p>\u00ab Kartas a \u00e9t\u00e9 choisi pour un troisi\u00e8me mandat au sein du comit\u00e9 onusien. Sa nationalit\u00e9 tunisienne n\u2019a aucun rapport avec son arrestation, d\u2019autant plus qu\u2019il \u00e9tait en mission officielle de l\u2019ONU \u00bb, a-t-il fait savoir.<\/p>\n<p>Le journal \u00ab Le Monde \u00bb avait publi\u00e9, mardi dernier, le texte d\u2019une p\u00e9tition sign\u00e9e par 107 personnes, issues notamment d\u2019organisations internationales et d\u2019ONG, demandant la lib\u00e9ration imm\u00e9diate de Moncef Kartas, d\u00e9tenu par les autorit\u00e9s tunisiennes depuis le 26 mars 2019.<\/p>\n<p>Le porte-parole du secr\u00e9taire g\u00e9n\u00e9ral de l\u2019ONU, St\u00e9phane Dujarric, avait d\u00e9clar\u00e9 le 12 avril dernier, que \u00ab l\u2019arrestation et la d\u00e9tention par les autorit\u00e9s tunisiennes de Moncef Kartas, membre du groupe d\u2019experts du comit\u00e9 des sanctions contre la Libye, alors qu\u2019il s\u2019acquittait de ses fonctions officielles, suscite de vives inqui\u00e9tudes \u00bb.<\/p>\n<p>Dujarric estimait encore que \u00ab le maintien en d\u00e9tention de l\u2019enqu\u00eateur par les autorit\u00e9s viole les privil\u00e8ges et immunit\u00e9s dont il b\u00e9n\u00e9ficie et qui lui sont accord\u00e9s dans l\u2019int\u00e9r\u00eat des Nations Unies \u00bb.<\/p>\n<p>Le porte-parole du P\u00f4le judiciaire de lutte antiterroriste, Sofiene Selliti, avait pr\u00e9cis\u00e9 dans une d\u00e9claration dat\u00e9 du 11 avril que l\u2019expert onusien soup\u00e7onn\u00e9 d\u2019espionnage \u00ab ne peut pas b\u00e9n\u00e9ficier de l\u2019immunit\u00e9 dans la mesure o\u00f9 l\u2019affaire dont il fait l\u2019objet concerne des int\u00e9r\u00eats personnels \u00bb.<\/p>\n<p class=\"dpsp-share-text\">Partager c&rsquo;est aimer!<\/p>\n<div class=\"wp-post-author-wrap wp-post-author-shortcode left\">\n<h3 class=\"awpa-title\"\/>\n<div class=\"wp-post-author\">\n<div class=\"awpa-img awpa-author-block square\"><a href=\"http:\/\/lexpertjournal.net\/fr\/author\/expert\/\"><img loading=\"lazy\" decoding=\"async\" alt=\"\" src=\"http:\/\/2.gravatar.com\/avatar\/56d99be2a6f97af88ccb49fada637fcd?s=150&#038;d=mm&#038;r=g\" srcset=\"http:\/\/2.gravatar.com\/avatar\/56d99be2a6f97af88ccb49fada637fcd?s=300&#038;d=mm&#038;r=g 2x\" class=\"avatar avatar-150 photo\" height=\"150\" width=\"150\"\/><\/a><\/div>\n<\/div>\n<\/div>\n<p>Auteur: L&rsquo;expert<br \/>\n<a href=\"http:\/\/lexpertjournal.net\/fr\/2019\/05\/03\/apres-larrestation-de-lexpert-pour-espionnage-lonu-revient-a-la-charge-pour-la-liberation-de-moncef-kartas\/\">Cliquez ici pour lire l&rsquo;article depuis sa source.<\/a><\/p>\n","protected":false},"excerpt":{"rendered":"<p>L\u2019affaire de l\u2019expert des Nations-Unies garde tous ses secrets, surtout que l\u2019enqu\u00eate se poursuit et qu\u2019aucune nouvelle ne filtre, concernant les d\u00e9veloppements. Toutefois, l\u2019expert est maintenu en prison et Diego Zorrilla, Coordonnateur r\u00e9sident des Nations Unies en Tunisie, a appel\u00e9, de nouveau, hier les autorit\u00e9s tunisiennes \u00e0 \u00ab lib\u00e9rer l\u2019enqu\u00eateur de l\u2019ONU Moncef Kartas et [&hellip;]<\/p>\n","protected":false},"author":1775,"featured_media":0,"comment_status":"closed","ping_status":"closed","sticky":false,"template":"","format":"standard","meta":{"fifu_image_url":"","fifu_image_alt":"","footnotes":""},"categories":[78,55],"tags":[],"class_list":["post-31833","post","type-post","status-publish","format-standard","hentry","category-economie","category-tunisie"],"_links":{"self":[{"href":"https:\/\/linitiative.ca\/International\/wp-json\/wp\/v2\/posts\/31833","targetHints":{"allow":["GET"]}}],"collection":[{"href":"https:\/\/linitiative.ca\/International\/wp-json\/wp\/v2\/posts"}],"about":[{"href":"https:\/\/linitiative.ca\/International\/wp-json\/wp\/v2\/types\/post"}],"author":[{"embeddable":true,"href":"https:\/\/linitiative.ca\/International\/wp-json\/wp\/v2\/users\/1775"}],"replies":[{"embeddable":true,"href":"https:\/\/linitiative.ca\/International\/wp-json\/wp\/v2\/comments?post=31833"}],"version-history":[{"count":0,"href":"https:\/\/linitiative.ca\/International\/wp-json\/wp\/v2\/posts\/31833\/revisions"}],"wp:attachment":[{"href":"https:\/\/linitiative.ca\/International\/wp-json\/wp\/v2\/media?parent=31833"}],"wp:term":[{"taxonomy":"category","embeddable":true,"href":"https:\/\/linitiative.ca\/International\/wp-json\/wp\/v2\/categories?post=31833"},{"taxonomy":"post_tag","embeddable":true,"href":"https:\/\/linitiative.ca\/International\/wp-json\/wp\/v2\/tags?post=31833"}],"curies":[{"name":"wp","href":"https:\/\/api.w.org\/{rel}","templated":true}]}}