{"id":31857,"date":"2019-05-03T13:43:21","date_gmt":"2019-05-03T17:43:21","guid":{"rendered":"https:\/\/linitiative.ca\/International\/signature-dune-convention-de-partenariat-pour-la-creation-et-la-gestion-du-musee-du-patrimoine-immateriel-a-la-place-jamaa-el-fna\/"},"modified":"2019-05-03T13:43:21","modified_gmt":"2019-05-03T17:43:21","slug":"signature-dune-convention-de-partenariat-pour-la-creation-et-la-gestion-du-musee-du-patrimoine-immateriel-a-la-place-jamaa-el-fna","status":"publish","type":"post","link":"https:\/\/linitiative.ca\/International\/signature-dune-convention-de-partenariat-pour-la-creation-et-la-gestion-du-musee-du-patrimoine-immateriel-a-la-place-jamaa-el-fna\/","title":{"rendered":"Signature d\u2019une convention de partenariat pour la cr\u00e9ation et la gestion du mus\u00e9e du patrimoine immat\u00e9riel \u00e0 la place Jamaa El Fna"},"content":{"rendered":"<div readability=\"33\">\n<p>Marrakech- Une convention de partenariat relative \u00e0 la cr\u00e9ation et \u00e0 la gestion du mus\u00e9e du patrimoine immat\u00e9riel \u00e0 la place Jamaa El Fna a \u00e9t\u00e9 sign\u00e9e jeudi \u00e0 Marrakech.<\/p>\n<\/div>\n<div readability=\"103\">\n<p>Cette convention, sign\u00e9e par le wali de la r\u00e9gion de Marrakech-Safi, gouverneur de la pr\u00e9fecture de Marrakech, Karim Kassi-Lahlou, le pr\u00e9sident du conseil communal de Marrakech, Mohamed Larbi Belcaid, et le pr\u00e9sident de la Fondation nationale des Mus\u00e9es (FNM), Mehdi Qotbi, vise la mise en place d\u2019un cadre de coop\u00e9ration et de partenariat pour la cr\u00e9ation et la gestion du mus\u00e9e du patrimoine immat\u00e9riel dans l\u2019ancien \u00e9difice de Bank Al-Maghrib situ\u00e9 \u00e0 la Place Jamaa El Fna.<\/p>\n<p>Elle s\u2019inscrit dans le cadre de la promotion du capital mat\u00e9riel, spirituel et culturel de la cit\u00e9 ocre, class\u00e9e patrimoine mondial de l\u2019Humanit\u00e9 depuis 1985 par l\u2019UNESCO, eu \u00e9gard \u00e0 l\u2019h\u00e9ritage historique que rec\u00e8le l\u2019ancienne m\u00e9dina, \u00e0 m\u00eame de constituer un patrimoine civilisationnel, urbanistique et culturel des plus rayonnants, qui renforce la place de cette cit\u00e9 mill\u00e9naire en tant que destination touristique mondiale.<\/p>\n<p>Elle intervient aussi dans le sillage de la mise en oeuvre des projets de la convention-cadre relative au programme \u00ab\u00a0Marrakech, cit\u00e9 du renouveau permanent\u00a0\u00bb, sign\u00e9e devant SM le Roi Mohammed VI en janvier 2014, notamment l\u2019article qui stipule la r\u00e9alisation du mus\u00e9e du patrimoine immat\u00e9riel en tant que l\u2019une des composantes de ce programme.<\/p>\n<p>En vertu de cette convention, la Fondation nationale des Mus\u00e9es veillera \u00e0 l\u2019\u00e9quipement du mus\u00e9e, \u00e0 la gestion et \u00e0 l\u2019animation de son espace, tout en oeuvrant \u00e0 l\u2019enrichissement et \u00e0 la valorisation du patrimoine immat\u00e9riel.<\/p>\n<p>Dans une d\u00e9claration \u00e0 la MAP, M. Qotbi a indiqu\u00e9 que la cr\u00e9ation et la gestion du mus\u00e9e du patrimoine immat\u00e9riel \u00e0 la place Jamaa El Fna, proclam\u00e9e patrimoine oral et immat\u00e9riel de l\u2019UNESCO en 2001, insufflera une nouvelle image \u00e0 la ville de Marrakech, capitale de la culture africaine et cit\u00e9 des couleurs et de la vie, et renforcera sa place de choix ainsi que son rayonnement \u00e0 l\u2019\u00e9chelle internationale.<\/p>\n<p>La r\u00e9alisation de ce mus\u00e9e, qui se veut un projet soci\u00e9tal, permettra \u00e9galement de consolider l\u2019attractivit\u00e9 de la cit\u00e9 ocre et de contribuer \u00e0 attirer un plus grand nombre de visiteurs pour d\u00e9couvrir les atouts dont regorge la cit\u00e9 sur les plans artistique et culturel, a-t-il pr\u00e9cis\u00e9.<\/p>\n<p>M. Qotbi a, dans ce sens, mis en avant le r\u00f4le des mus\u00e9es d\u2019histoire dans l\u2019attraction des touristes marocains et \u00e9trangers, citant \u00e0 titre exemple certaines structures mus\u00e9ales dont jouit la ville de Marrakech, notamment le mus\u00e9e Dar Si Sa\u00efd, qui a accueilli pr\u00e8s de 125.000 visiteurs depuis juin dernier, et le mus\u00e9e Dar El Bacha (75.000 visiteurs depuis septembre 2018).<\/p>\n<p>Outre la wilaya de la r\u00e9gion de Marrakech-Safi, le conseil communal de Marrakech et la FNM, Bank Al-Maghrib et la Direction r\u00e9gionale de la culture \u00e0 Marrakech sont aussi parties prenantes \u00e0 cette convention.<\/p>\n<\/div>\n<p>Auteur: Mohammed KOURSI<br \/>\n<a href=\"http:\/\/www.mapmarrakech.ma\/fr\/signature-dune-convention-de-partenariat-pour-la-creation-et-la-gestion-du-musee-du-patrimoine-immateriel-a-la-place-jamaa-el-fna\/\">Cliquez ici pour lire l&rsquo;article depuis sa source.<\/a><\/p>\n","protected":false},"excerpt":{"rendered":"<p>Marrakech- Une convention de partenariat relative \u00e0 la cr\u00e9ation et \u00e0 la gestion du mus\u00e9e du patrimoine immat\u00e9riel \u00e0 la place Jamaa El Fna a \u00e9t\u00e9 sign\u00e9e jeudi \u00e0 Marrakech. Cette convention, sign\u00e9e par le wali de la r\u00e9gion de Marrakech-Safi, gouverneur de la pr\u00e9fecture de Marrakech, Karim Kassi-Lahlou, le pr\u00e9sident du conseil communal de [&hellip;]<\/p>\n","protected":false},"author":1788,"featured_media":0,"comment_status":"closed","ping_status":"closed","sticky":false,"template":"","format":"standard","meta":{"fifu_image_url":"","fifu_image_alt":"","footnotes":""},"categories":[54,76],"tags":[],"class_list":["post-31857","post","type-post","status-publish","format-standard","hentry","category-maroc","category-regions"],"_links":{"self":[{"href":"https:\/\/linitiative.ca\/International\/wp-json\/wp\/v2\/posts\/31857","targetHints":{"allow":["GET"]}}],"collection":[{"href":"https:\/\/linitiative.ca\/International\/wp-json\/wp\/v2\/posts"}],"about":[{"href":"https:\/\/linitiative.ca\/International\/wp-json\/wp\/v2\/types\/post"}],"author":[{"embeddable":true,"href":"https:\/\/linitiative.ca\/International\/wp-json\/wp\/v2\/users\/1788"}],"replies":[{"embeddable":true,"href":"https:\/\/linitiative.ca\/International\/wp-json\/wp\/v2\/comments?post=31857"}],"version-history":[{"count":0,"href":"https:\/\/linitiative.ca\/International\/wp-json\/wp\/v2\/posts\/31857\/revisions"}],"wp:attachment":[{"href":"https:\/\/linitiative.ca\/International\/wp-json\/wp\/v2\/media?parent=31857"}],"wp:term":[{"taxonomy":"category","embeddable":true,"href":"https:\/\/linitiative.ca\/International\/wp-json\/wp\/v2\/categories?post=31857"},{"taxonomy":"post_tag","embeddable":true,"href":"https:\/\/linitiative.ca\/International\/wp-json\/wp\/v2\/tags?post=31857"}],"curies":[{"name":"wp","href":"https:\/\/api.w.org\/{rel}","templated":true}]}}