{"id":31860,"date":"2019-05-03T12:13:20","date_gmt":"2019-05-03T16:13:20","guid":{"rendered":"https:\/\/linitiative.ca\/International\/parc-national-de-theniet-el-had-un-pole-de-tourisme-ecologique-par-excellence\/"},"modified":"2019-05-03T12:13:20","modified_gmt":"2019-05-03T16:13:20","slug":"parc-national-de-theniet-el-had-un-pole-de-tourisme-ecologique-par-excellence","status":"publish","type":"post","link":"https:\/\/linitiative.ca\/International\/parc-national-de-theniet-el-had-un-pole-de-tourisme-ecologique-par-excellence\/","title":{"rendered":"Parc national de Theniet El Had: un p\u00f4le de tourisme \u00e9cologique par excellence"},"content":{"rendered":"<div>\n<div class=\"K2FeedImage\"><img decoding=\"async\" src=\"http:\/\/www.aps.dz\/media\/k2\/items\/cache\/a89db2140377517846946d05047cd5c6_S.jpg\" alt=\"Parc national de Theniet El Had: un p\u00f4le de tourisme \u00e9cologique par excellence\"><\/div>\n<div class=\"K2FeedIntroText\">\n<p><strong>TISSEMSILT &#8211; Plusieurs projets d\u2019investissement touristique sont en cours au niveau du parc national des c\u00e8dres de Theniet El Had, dans la wilaya de <a href=\"http:\/\/www.aps.dz\/regions\/84894-zones-humides-decouverte-de-nouvelles-especes-d-oiseaux-migrateurs-a-tissemsilt\" target=\"_blank\" rel=\"noopener noreferrer\">Tissemsilt<\/a>, devant faire de ce site naturel un p\u00f4le de tourisme \u00e9cologique et de montagne par excellence.<\/strong><\/p>\n<\/div>\n<div class=\"K2FeedFullText\">\n<p>Ces investissements publics et priv\u00e9s portent notamment sur la r\u00e9alisation d\u2019un camp de jeunes d\u2019une capacit\u00e9 de 300 lits. Cette structure r\u00e9alis\u00e9e par la wilaya compte aussi un th\u00e9\u00e2tre de plein-air, un stade de proximit\u00e9, une salle omnisports, une piscine de proximit\u00e9, une salle d e conf\u00e9rences et de spectacles, a-t-on indiqu\u00e9 \u00e0 la direction locale du tourisme et de l\u2019artisanat.<\/p>\n<blockquote>\n<p><em><strong>Ce projet permettra d\u2019accueillir des jeunes et des amateurs de randonn\u00e9es et adeptes de sport de montagne, en plus des adh\u00e9rents des associations environnementales et autres \u00e9cologistes.<\/strong><\/em><\/p>\n<\/blockquote>\n<hr>\n<h3>Lire aussi:\u00a0<a href=\"http:\/\/www.aps.dz\/regions\/88655-rrencontre-nationale-sur-le-tourisme-de-montagne-dans-l-ouarsenis\" target=\"_blank\" rel=\"noopener noreferrer\">Rencontre nationale sur le tourisme de montagne dans l\u2019Ouarsenis<\/a><\/h3>\n<hr>\n<p>La r\u00e9gion enregistre \u00e9galement la r\u00e9alisation d\u2019un village de vacances ainsi que 50 chalets d\u2019une capacit\u00e9 d\u2019accueil globale de 210 lits. Ce projet, un investissement priv\u00e9 de 150 millions DA, porte sur la r\u00e9alisation d\u2019une salle de conf\u00e9rences de 350 places, des aires de jeux pour enfants, des espaces de d\u00e9tente pour familles, une piscine, des espaces verts am\u00e9nag\u00e9s pour l\u2019accueil des touristes et visiteurs du parc El Meddad.<\/p>\n<p>Ce village dont la r\u00e9ception est pr\u00e9vue dans un d\u00e9lai de 24 mois contribuera \u00e0 drainer un plus grand nombre de touristes pour la visite de la for\u00eat El Meddad, encourager le tourisme \u00e9cologique et de montagne dans cet espace pittoresque. Ce projet touristique sera r\u00e9alis\u00e9 avec des mat\u00e9riaux l\u00e9gers et \u00e9cologiques. Il devra rendre la for\u00eat des c\u00e8dres un p\u00f4le de tourisme de montagne. Des pistes seront ouvertes au sein de la for\u00eat El Meddad pour la pratique de sports de la marche, de motocyclisme, de VTT, des randonn\u00e9es et des explorations.<\/p>\n<p>\u00a0<\/p>\n<p style=\"text-align: center;\"><strong>Un p\u00f4le de tourisme \u00e9cologique et de montagne<\/strong><\/p>\n<p>\u00a0<\/p>\n<p>Par ailleurs, la maison du parc national des c\u00e8dres s\u2019emploie, en collaboration avec les directions de l\u2019environnement et de la jeunesse et des sports, des associations environnementales, juv\u00e9niles et sportives et des services communaux de Theniet El Had, \u00e0 la promotion du tourisme \u00e9cologique et de montagne au sein de la for\u00eat.<\/p>\n<p>Dans ce cadre, un programme de promotion du tourisme \u00e9cologique et de montagne a \u00e9t\u00e9 lanc\u00e9 dans cette for\u00eat en organisant des manifestations annuelles sportives en plus de la tenue de regroupements et visites des \u00e9quipes sportives.<\/p>\n<hr>\n<h3>Lire aussi:\u00a0<a href=\"http:\/\/www.aps.dz\/economie\/85573-l-etat-determine-a-poursuivre-son-soutien-au-tourisme-et-a-accompagner-les-investisseurs\" target=\"_blank\" rel=\"noopener noreferrer\">L&rsquo;\u00c9tat d\u00e9termin\u00e9 \u00e0 poursuivre son soutien au tourisme et \u00e0 accompagner les investisseurs<\/a><\/h3>\n<hr>\n<p>Le m\u00eame programme porte sur des activit\u00e9s \u00e9cologiques au sien de la for\u00eat des c\u00e8dres au profit des membres d\u2019associations \u00e9cologiques locales, des \u00e9l\u00e8ves des \u00e9tablissements scolaires et des jeunes amateurs d\u2019\u00e9cologie. Ces visites p\u00e9dagogiques permettent aux jeunes visiteurs de d\u00e9couvrir les richesses florales et faunistiques que rec\u00e8le ce site et sa biodiversit\u00e9.<\/p>\n<p>Des expositions p\u00e9riodiques de photographies, d\u2019affiches, de publications et de travaux manuels seront tenues sur les sp\u00e9cificit\u00e9s \u00e9cologiques et naturelles de la for\u00eat El Meddad. Des campagnes de nettoiement de la for\u00eat ainsi que des op\u00e9rations de plantation de c\u00e8dres de l\u2019Atlas figurent, entre autre, parmi les projets retenus.<\/p>\n<blockquote>\n<p><em><strong>Le parc national des c\u00e8dres de Theniet El Had s\u2019\u00e9tend sur une superficie globale de 3.425 has. Il est situ\u00e9 \u00e0 une altitude de 1.923 m\u00e8tres. La zone est couverte de c\u00e8dres. Quelque 72 esp\u00e8ces d\u2019animaux prot\u00e9g\u00e9s dont 10 esp\u00e8ces mammif\u00e8res, trois de reptiles, 30 d\u2019insectes et 29 ornithologiques y vivent en harmonie avec la nature.<\/strong><\/em><\/p>\n<\/blockquote>\n<\/div>\n<\/div>\n<p>Auteur:<br \/>\n<a href=\"http:\/\/www.aps.dz\/regions\/89008-parc-national-de-theniet-el-had-un-pole-de-tourisme-ecologique-et-de-montagne-par-excellence\">Cliquez ici pour lire l&rsquo;article depuis sa source.<\/a><\/p>\n","protected":false},"excerpt":{"rendered":"<p>TISSEMSILT &#8211; Plusieurs projets d\u2019investissement touristique sont en cours au niveau du parc national des c\u00e8dres de Theniet El Had, dans la wilaya de Tissemsilt, devant faire de ce site naturel un p\u00f4le de tourisme \u00e9cologique et de montagne par excellence. Ces investissements publics et priv\u00e9s portent notamment sur la r\u00e9alisation d\u2019un camp de jeunes [&hellip;]<\/p>\n","protected":false},"author":1790,"featured_media":31861,"comment_status":"closed","ping_status":"closed","sticky":false,"template":"","format":"standard","meta":{"fifu_image_url":"","fifu_image_alt":"","footnotes":""},"categories":[53,76],"tags":[],"class_list":["post-31860","post","type-post","status-publish","format-standard","has-post-thumbnail","hentry","category-algerie","category-regions"],"_links":{"self":[{"href":"https:\/\/linitiative.ca\/International\/wp-json\/wp\/v2\/posts\/31860","targetHints":{"allow":["GET"]}}],"collection":[{"href":"https:\/\/linitiative.ca\/International\/wp-json\/wp\/v2\/posts"}],"about":[{"href":"https:\/\/linitiative.ca\/International\/wp-json\/wp\/v2\/types\/post"}],"author":[{"embeddable":true,"href":"https:\/\/linitiative.ca\/International\/wp-json\/wp\/v2\/users\/1790"}],"replies":[{"embeddable":true,"href":"https:\/\/linitiative.ca\/International\/wp-json\/wp\/v2\/comments?post=31860"}],"version-history":[{"count":0,"href":"https:\/\/linitiative.ca\/International\/wp-json\/wp\/v2\/posts\/31860\/revisions"}],"wp:featuredmedia":[{"embeddable":true,"href":"https:\/\/linitiative.ca\/International\/wp-json\/"}],"wp:attachment":[{"href":"https:\/\/linitiative.ca\/International\/wp-json\/wp\/v2\/media?parent=31860"}],"wp:term":[{"taxonomy":"category","embeddable":true,"href":"https:\/\/linitiative.ca\/International\/wp-json\/wp\/v2\/categories?post=31860"},{"taxonomy":"post_tag","embeddable":true,"href":"https:\/\/linitiative.ca\/International\/wp-json\/wp\/v2\/tags?post=31860"}],"curies":[{"name":"wp","href":"https:\/\/api.w.org\/{rel}","templated":true}]}}