{"id":31862,"date":"2019-05-03T12:26:12","date_gmt":"2019-05-03T16:26:12","guid":{"rendered":"https:\/\/linitiative.ca\/International\/extension-de-la-ligne-du-tramway-de-constantine-la-1e-tranche-operationnelle-dans-15-jours\/"},"modified":"2019-05-03T12:26:12","modified_gmt":"2019-05-03T16:26:12","slug":"extension-de-la-ligne-du-tramway-de-constantine-la-1e-tranche-operationnelle-dans-15-jours","status":"publish","type":"post","link":"https:\/\/linitiative.ca\/International\/extension-de-la-ligne-du-tramway-de-constantine-la-1e-tranche-operationnelle-dans-15-jours\/","title":{"rendered":"Extension de la ligne du tramway de Constantine: la 1e tranche op\u00e9rationnelle dans 15 jours"},"content":{"rendered":"<div>\n<div class=\"K2FeedImage\"><img decoding=\"async\" src=\"http:\/\/www.aps.dz\/media\/k2\/items\/cache\/4d2ed44506b51418ffa825a2bcda0809_S.jpg\" alt=\"Extension de la ligne du tramway de Constantine: la 1e tranche op\u00e9rationnelle dans 15 jours\"><\/div>\n<div class=\"K2FeedIntroText\">\n<p><strong>CONSTANTINE &#8211; La premi\u00e8re tranche du chantier d\u2019extension de la ligne du tramway de Constantine, entre la cit\u00e9 Zouaghi Slimane et l\u2019entr\u00e9e de la nouvelle ville Ali Mendjeli, sur une longueur de plus 6 km, sera mise en service dans une \u00ab\u00a0quinzaine de jours\u00a0\u00bb, a annonc\u00e9 le wali, Abdessamie Saidoune.<\/strong><\/p>\n<\/div>\n<div class=\"K2FeedFullText\">\n<p>S\u2019exprimant, jeudi soir, en marge d\u2019une c\u00e9r\u00e9monie en l\u2019honneur des journalistes de la wilaya, \u00e0 l\u2019occasion de la c\u00e9l\u00e9bration de la journ\u00e9e mondiale de la libert\u00e9 d\u2019expression, le m\u00eame responsable a pr\u00e9cis\u00e9 que la marche \u00e0 blanc de ce moyen de transport devra \u00eatre \u00ab\u00a0lanc\u00e9e en d\u00e9but de semaine en pr\u00e9vision de sa mise en exploitation d\u2019ici \u00e0 une quinzaine de jours\u00a0\u00bb.<\/p>\n<p>\u00ab\u00a0Les essais techniques effectu\u00e9s depuis d\u00e9but avril, le long de la premi\u00e8re tranche de la ligne d\u2019extension du tramway pour s\u2019assurer de la s\u00e9curit\u00e9 des rails et des \u00e9quipements de ce moyen de transport se sont av\u00e9r\u00e9s concluants\u00a0\u00bb, a soulign\u00e9 le m\u00eame responsable, pr\u00e9cisant que la marche \u00e0 blanc permettra de tester le mode op\u00e9ratoire du tramway du point de vue technique, mais organisationnel \u00e9galement (fonctionnement du personnel affect\u00e9).<\/p>\n<p>Mettant en avant l\u2019impact de l\u2019extension du tramway de Constantine dans l\u2019am\u00e9lioration des conditions de d\u00e9placement des 400.000 habitants de la nouvelle ville Ali Mendjeli, le chef de l\u2019ex\u00e9cutif local a fait part de l\u2019int\u00e9gration pour la premi\u00e8re fois d\u2019un \u00ab\u00a0syst\u00e8me de paiement am\u00e9lior\u00e9\u00a0\u00bb au profit des 90.000 \u00e9tudiants des universit\u00e9s que traverse cette ligne d\u2019extension.<\/p>\n<hr>\n<h3>Lire aussi:\u00a0<a href=\"http:\/\/www.aps.dz\/regions\/83719-extension-du-tramway-de-constantine-la-1e-tranche-receptionnee-courant-1er-trimestre-2019\" target=\"_blank\" rel=\"noopener noreferrer\">Extension du tramway de Constantine: la 1e tranche r\u00e9ceptionn\u00e9e courant 1er trimestre 2019<\/a><\/h3>\n<hr>\n<p>La premi\u00e8re tranche de la ligne d\u2019extension du tramway de Constantine lanc\u00e9e en 2017 par le consortium Cosider et Alstom, sera renforc\u00e9e par 24 nouvelles rames en plus des 20 rames d\u00e9j\u00e0 op\u00e9rationnelles sur la premi\u00e8re ligne allant du centre-ville \u00e0 la cit\u00e9 Zouaghi Slimane, a-t-on rappel\u00e9.<\/p>\n<p>Le projet d\u2019extension du tramway de Constantine scind\u00e9 en deux tranches, la premi\u00e8re de la station Zouaghi Slimane \u00e0 l\u2019entr\u00e9e d\u2019Ali Mendjeli (sur plus de 6 km), et la seconde depuis l\u2019entr\u00e9e d\u2019Ali Mendjeli (boulevard de l\u2019ALN) \u00e0 l\u2019universit\u00e9 Abdelhamid Mehri, sur un lin\u00e9aire d\u2019environ 4 km, a n\u00e9cessit\u00e9 un investissement public de 30 milliards de dinars.<\/p>\n<p>Affirmant que les travaux de r\u00e9alisation de la deuxi\u00e8me tranche du chantier d\u2019extension du tramway depuis l\u2019entr\u00e9e de la nouvelle ville Ali Mendjeli jusqu\u2019\u00e0 l\u2019universit\u00e9 Abdelhamid Mehri (Constantine 2) ont \u00e9t\u00e9 d\u00e9j\u00e0 lanc\u00e9s pour \u00eatre r\u00e9ceptionn\u00e9s \u00ab\u00a0avant fin 2019\u00a0\u00bb, le m\u00eame responsable a indiqu\u00e9 que toutes les dispositions n\u00e9cessaires ont \u00e9t\u00e9 prises pour minimiser au maximum les d\u00e9sagr\u00e9ments caus\u00e9s par ce chantier.<\/p>\n<p>Le tramway de Constantine assure actuellement le transport d\u2019environ 30.000 voyageurs par jour, a-t-on pr\u00e9cis\u00e9.<\/p>\n<\/div>\n<\/div>\n<p>Auteur:<br \/>\n<a href=\"http:\/\/www.aps.dz\/regions\/89010-extension-de-la-ligne-du-tramway-de-constantine-la-1e-tranche-operationnelle-dans-15-jours\">Cliquez ici pour lire l&rsquo;article depuis sa source.<\/a><\/p>\n","protected":false},"excerpt":{"rendered":"<p>CONSTANTINE &#8211; La premi\u00e8re tranche du chantier d\u2019extension de la ligne du tramway de Constantine, entre la cit\u00e9 Zouaghi Slimane et l\u2019entr\u00e9e de la nouvelle ville Ali Mendjeli, sur une longueur de plus 6 km, sera mise en service dans une \u00ab\u00a0quinzaine de jours\u00a0\u00bb, a annonc\u00e9 le wali, Abdessamie Saidoune. S\u2019exprimant, jeudi soir, en marge [&hellip;]<\/p>\n","protected":false},"author":1790,"featured_media":31863,"comment_status":"closed","ping_status":"closed","sticky":false,"template":"","format":"standard","meta":{"fifu_image_url":"","fifu_image_alt":"","footnotes":""},"categories":[53,76],"tags":[],"class_list":["post-31862","post","type-post","status-publish","format-standard","has-post-thumbnail","hentry","category-algerie","category-regions"],"_links":{"self":[{"href":"https:\/\/linitiative.ca\/International\/wp-json\/wp\/v2\/posts\/31862","targetHints":{"allow":["GET"]}}],"collection":[{"href":"https:\/\/linitiative.ca\/International\/wp-json\/wp\/v2\/posts"}],"about":[{"href":"https:\/\/linitiative.ca\/International\/wp-json\/wp\/v2\/types\/post"}],"author":[{"embeddable":true,"href":"https:\/\/linitiative.ca\/International\/wp-json\/wp\/v2\/users\/1790"}],"replies":[{"embeddable":true,"href":"https:\/\/linitiative.ca\/International\/wp-json\/wp\/v2\/comments?post=31862"}],"version-history":[{"count":0,"href":"https:\/\/linitiative.ca\/International\/wp-json\/wp\/v2\/posts\/31862\/revisions"}],"wp:featuredmedia":[{"embeddable":true,"href":"https:\/\/linitiative.ca\/International\/wp-json\/"}],"wp:attachment":[{"href":"https:\/\/linitiative.ca\/International\/wp-json\/wp\/v2\/media?parent=31862"}],"wp:term":[{"taxonomy":"category","embeddable":true,"href":"https:\/\/linitiative.ca\/International\/wp-json\/wp\/v2\/categories?post=31862"},{"taxonomy":"post_tag","embeddable":true,"href":"https:\/\/linitiative.ca\/International\/wp-json\/wp\/v2\/tags?post=31862"}],"curies":[{"name":"wp","href":"https:\/\/api.w.org\/{rel}","templated":true}]}}