{"id":31866,"date":"2019-05-03T13:20:30","date_gmt":"2019-05-03T17:20:30","guid":{"rendered":"https:\/\/linitiative.ca\/International\/casbah-dalger-pres-de-300-familles-relogees-a-partir-de-samedi\/"},"modified":"2019-05-03T13:20:30","modified_gmt":"2019-05-03T17:20:30","slug":"casbah-dalger-pres-de-300-familles-relogees-a-partir-de-samedi","status":"publish","type":"post","link":"https:\/\/linitiative.ca\/International\/casbah-dalger-pres-de-300-familles-relogees-a-partir-de-samedi\/","title":{"rendered":"Casbah d&rsquo;Alger: pr\u00e8s de 300 familles relog\u00e9es \u00e0 partir de samedi"},"content":{"rendered":"<div>\n<div class=\"K2FeedImage\"><img decoding=\"async\" src=\"http:\/\/www.aps.dz\/media\/k2\/items\/cache\/8ab34a8a6c474dadb28cf0ac41b781c8_S.jpg\" alt=\"Casbah d'Alger: pr\u00e8s de 300 familles relog\u00e9es \u00e0 partir de samedi\"><\/div>\n<div class=\"K2FeedIntroText\">\n<p><strong>ALGER &#8211; Pr\u00e8s de 300 familles habitant des immeubles mena\u00e7ant ruine dans la commune de la Casbah seront relog\u00e9es samedi et dimanche 4 et 5 mai par les services de la wilaya d&rsquo;Alger dans le cadre de la 1e phase de la 25e op\u00e9ration de relogement, ont indiqu\u00e9, vendredi, les services de wilaya.<\/strong><\/p>\n<\/div>\n<div class=\"K2FeedFullText\">\n<p>Pr\u00e8s de 300 familles habitant 39 immeubles mena\u00e7ant ruine dans la commune de la Casbah seront relog\u00e9es par les services de la wilaya d&rsquo;Alger dans le cadre de la 1e phase de la 25e op\u00e9ration de relogement.<\/p>\n<blockquote>\n<p><em><strong>Le wali d&rsquo;Alger, Abdelkhalek Sayouda avait affirm\u00e9 r\u00e9cemment qu&rsquo;une <a href=\"http:\/\/www.aps.dz\/regions\/88902-casbah-d-alger-preparation-d-une-operation-urgente-de-relogement\" target=\"_blank\" rel=\"noopener noreferrer\">op\u00e9ration urgente de relogement des habitants de la Casbah d&rsquo;Alger<\/a> \u00e9tait en cours de pr\u00e9paration, pr\u00e9c\u00e9d\u00e9e de l&rsquo;\u00e9laboration des listes des familles devant en b\u00e9n\u00e9ficier.<\/strong><\/em><\/p>\n<\/blockquote>\n<hr>\n<h3>Lire aussi:\u00a0<a href=\"http:\/\/www.aps.dz\/regions\/88822-casbah-preparatifs-de-relogement-d-une-premiere-tranche-d-habitants-debut-ramadhan\" target=\"_blank\" rel=\"noopener noreferrer\">Casbah : pr\u00e9paratifs de relogement d&rsquo;une premi\u00e8re tranche d&rsquo;habitants d\u00e9but Ramadhan<\/a><\/h3>\n<hr>\n<p>Concernant les op\u00e9rations de relogement, le wali a fait savoir qu&rsquo;il y&rsquo;aurait plusieurs op\u00e9ration \u00e0 Alger dont le coup d&rsquo;envoi sera donn\u00e9 apr\u00e8s la fin des examens de fin d&rsquo;ann\u00e9e pour ne pas perturber les \u00e9l\u00e8ves.<\/p>\n<p>Pour ce qui est des recours introduits par les familles exclues des op\u00e9rations pr\u00e9c\u00e9dentes, depuis juin 2014, M. Sayouda a rassur\u00e9 qu&rsquo;ils \u00e9taient en cours d&rsquo;examen en toute transparence.<\/p>\n<p>Le Pr\u00e9sident de l&rsquo;Assembl\u00e9e populaire communale (APC) de la Casbah avait d\u00e9clar\u00e9 auparavant que les services de sa commune avaient entam\u00e9 le recensement des familles r\u00e9sidant \u00e0 la rue Ali Tamglit (basse Casbah), en pr\u00e9paration d&rsquo;une op\u00e9ration de relogement qui devrait intervenir au d\u00e9but du Ramadhan prochain et qui concernera 7 immeubles class\u00e9s \u00ab\u00a0rouge\u00a0\u00bb et \u00ab\u00a0orange\u00a0\u00bb, pr\u00e9cisant qu&rsquo;il s&rsquo;agit de 4 immeubles, dont un class\u00e9 \u00ab\u00a0rouge\u00a0\u00bb et trois \u00ab\u00a0orange 4\u00a0\u00bb.<\/p>\n<\/div>\n<\/div>\n<p>Auteur:<br \/>\n<a href=\"http:\/\/www.aps.dz\/regions\/89015-casbah-d-alger-pres-de-300-familles-relogees-a-partir-de-samedi\">Cliquez ici pour lire l&rsquo;article depuis sa source.<\/a><\/p>\n","protected":false},"excerpt":{"rendered":"<p>ALGER &#8211; Pr\u00e8s de 300 familles habitant des immeubles mena\u00e7ant ruine dans la commune de la Casbah seront relog\u00e9es samedi et dimanche 4 et 5 mai par les services de la wilaya d&rsquo;Alger dans le cadre de la 1e phase de la 25e op\u00e9ration de relogement, ont indiqu\u00e9, vendredi, les services de wilaya. Pr\u00e8s de [&hellip;]<\/p>\n","protected":false},"author":1790,"featured_media":31867,"comment_status":"closed","ping_status":"closed","sticky":false,"template":"","format":"standard","meta":{"fifu_image_url":"","fifu_image_alt":"","footnotes":""},"categories":[53,76],"tags":[],"class_list":["post-31866","post","type-post","status-publish","format-standard","has-post-thumbnail","hentry","category-algerie","category-regions"],"_links":{"self":[{"href":"https:\/\/linitiative.ca\/International\/wp-json\/wp\/v2\/posts\/31866","targetHints":{"allow":["GET"]}}],"collection":[{"href":"https:\/\/linitiative.ca\/International\/wp-json\/wp\/v2\/posts"}],"about":[{"href":"https:\/\/linitiative.ca\/International\/wp-json\/wp\/v2\/types\/post"}],"author":[{"embeddable":true,"href":"https:\/\/linitiative.ca\/International\/wp-json\/wp\/v2\/users\/1790"}],"replies":[{"embeddable":true,"href":"https:\/\/linitiative.ca\/International\/wp-json\/wp\/v2\/comments?post=31866"}],"version-history":[{"count":0,"href":"https:\/\/linitiative.ca\/International\/wp-json\/wp\/v2\/posts\/31866\/revisions"}],"wp:featuredmedia":[{"embeddable":true,"href":"https:\/\/linitiative.ca\/International\/wp-json\/"}],"wp:attachment":[{"href":"https:\/\/linitiative.ca\/International\/wp-json\/wp\/v2\/media?parent=31866"}],"wp:term":[{"taxonomy":"category","embeddable":true,"href":"https:\/\/linitiative.ca\/International\/wp-json\/wp\/v2\/categories?post=31866"},{"taxonomy":"post_tag","embeddable":true,"href":"https:\/\/linitiative.ca\/International\/wp-json\/wp\/v2\/tags?post=31866"}],"curies":[{"name":"wp","href":"https:\/\/api.w.org\/{rel}","templated":true}]}}