{"id":31887,"date":"2019-05-03T07:15:00","date_gmt":"2019-05-03T11:15:00","guid":{"rendered":"https:\/\/linitiative.ca\/International\/langues-denseignement-un-faux-debat\/"},"modified":"2019-05-03T07:15:00","modified_gmt":"2019-05-03T11:15:00","slug":"langues-denseignement-un-faux-debat","status":"publish","type":"post","link":"https:\/\/linitiative.ca\/International\/langues-denseignement-un-faux-debat\/","title":{"rendered":"Langues d\u2019enseignement: Un faux d\u00e9bat?"},"content":{"rendered":"<div class=\"dnd-atom-wrapper type-image context-sdl_editor_representation\" contenteditable=\"false\" readability=\"27.2288135593\">\n<div class=\"dnd-drop-wrapper image\"><img loading=\"lazy\" decoding=\"async\" typeof=\"foaf:Image\" class=\"img-responsive\" src=\"https:\/\/mobile.leconomiste.com\/sites\/default\/files\/eco7\/public\/thumbnails\/image\/classe-universite-amphie-enseignement-007.jpg\" width=\"660\" height=\"330\" alt=\"classe-universite-amphie-enseignement-007.jpg\" title=\"classe-universite-amphie-enseignement-007.jpg\"\/><\/div>\n<\/div>\n<p class=\"rtejustify\"><strong>\u25a0 L\u2019arbre qui cache la for\u00eat<\/strong><\/p>\n<p class=\"rtejustify\">Notre probl\u00e8me, c&rsquo;est avant tout la qualit\u00e9 et le contenu de notre enseignement scolaire et non sa langue. L&rsquo;\u00e9cole marocaine produit des illettr\u00e9s mais aussi des profils inadapt\u00e9s, cela saute aux yeux! Ce qu\u2019il faut pointer du doigt, c\u2019est la d\u00e9faillance du syst\u00e8me, la qualit\u00e9 m\u00e9diocre de l\u2019enseignement, le d\u00e9labrement des \u00e9coles, ou encore, les sanitaires inutilisables. On peut, si on le souhaite, enseigner int\u00e9gralement en anglais. Mais si l\u2019apprentissage est r\u00e9alis\u00e9 n\u2019importe comment, nous en resterons toujours au m\u00eame point\u2026<br \/><em>X-OR<\/em><\/p>\n<p class=\"rtejustify\"><strong>\u25a0 La R&#038;D \u00e0 la tra\u00eene!<\/strong><\/p>\n<p class=\"rtejustify\">La langue maternelle demeure th\u00e9oriquement meilleure pour am\u00e9liorer et encourager les productions en mati\u00e8re de recherche et d\u00e9veloppement dans le pays. Mais pour publier des articles de qualit\u00e9, il est n\u00e9cessaire d\u2019apprendre, d\u2019assimiler, d\u2019exp\u00e9rimenter, de comparer\u2026<br \/>Au Maroc, de quelle recherche et d\u00e9veloppement parle-t-on?! Nous sommes d\u00e9j\u00e0 bien d\u00e9pass\u00e9s dans ce domaine.<br \/><em>Ahmed said<\/em><\/p>\n<p class=\"rtecenter\"><strong><u>\u00a0\u00a0\u00a0\u00a0\u00a0\u00a0\u00a0\u00a0\u00a0\u00a0\u00a0\u00a0\u00a0\u00a0\u00a0\u00a0\u00a0\u00a0\u00a0\u00a0\u00a0\u00a0\u00a0\u00a0\u00a0\u00a0\u00a0\u00a0\u00a0\u00a0\u00a0\u00a0\u00a0\u00a0\u00a0\u00a0\u00a0\u00a0\u00a0\u00a0\u00a0\u00a0\u00a0\u00a0\u00a0\u00a0\u00a0\u00a0\u00a0\u00a0\u00a0\u00a0\u00a0\u00a0\u00a0\u00a0\u00a0\u00a0<\/u><\/strong><\/p>\n<p class=\"rtecenter\"><strong>Nouvel accord social: Quid des retraites?<\/strong><\/p>\n<div class=\"dnd-atom-wrapper type-image context-sdl_editor_representation atom-align-right\" contenteditable=\"false\">\n<div class=\"dnd-drop-wrapper image\"><img loading=\"lazy\" decoding=\"async\" typeof=\"foaf:Image\" class=\"img-responsive\" src=\"https:\/\/mobile.leconomiste.com\/sites\/default\/files\/eco7\/public\/thumbnails\/image\/accord_social_007.jpg\" width=\"340\" height=\"236\" alt=\"accord_social_007.jpg\" title=\"accord_social_007.jpg\"\/><\/div>\n<\/div>\n<p class=\"rtejustify\">Le nouvel accord social ne pr\u00e9voit rien pour les retrait\u00e9s! Pourtant, cette couche importante de la population s&rsquo;appauvrit d&rsquo;ann\u00e9e en ann\u00e9e. Sous pr\u00e9texte que les caisses de retraite sont d\u00e9j\u00e0 d\u00e9ficitaires, le sort de leurs adh\u00e9rents importe visiblement peu&#8230; C&rsquo;est la honte! Pourquoi diable n&rsquo;y a-t-il pas eu de repr\u00e9sentants des retrait\u00e9s \u00e0 la table du dialogue social? Faudra-t-il patienter jusqu\u2019\u00e0 la mise en \u0153uvre de la r\u00e9forme pr\u00e9vue d\u2019ici dix ou quinze ans? A supposer que cette r\u00e9forme voit le jour, rien ne garantit que cette derni\u00e8re am\u00e9liorera la situation financi\u00e8re des retrait\u00e9s ou qu\u2019elle n\u2019intervienne \u00e0 temps.<br \/><em>Aguerzam<\/em><\/p>\n<p class=\"rtecenter\"><strong><u>\u00a0\u00a0\u00a0\u00a0\u00a0\u00a0\u00a0\u00a0\u00a0\u00a0\u00a0\u00a0\u00a0\u00a0\u00a0\u00a0\u00a0\u00a0\u00a0\u00a0\u00a0\u00a0\u00a0\u00a0\u00a0\u00a0\u00a0\u00a0\u00a0\u00a0\u00a0\u00a0\u00a0\u00a0\u00a0\u00a0\u00a0\u00a0\u00a0\u00a0\u00a0\u00a0\u00a0\u00a0\u00a0\u00a0\u00a0\u00a0\u00a0\u00a0\u00a0\u00a0\u00a0\u00a0\u00a0\u00a0\u00a0\u00a0<\/u><\/strong><\/p>\n<p class=\"rtecenter\"><strong>Corruption et malhonn\u00eatet\u00e9: Les nouvelles valeurs de la soci\u00e9t\u00e9<\/strong><\/p>\n<p class=\"rtejustify\">L\u2019Etat est le premier responsable de cette v\u00e9ritable \u00abjungle l\u00e9gale\u00bb\u00a0 dans laquelle nous vivons, car il n&rsquo;a pas les moyens de faire respecter ses propres lois. N\u00e9anmoins, les citoyens marocains sont aussi responsables de cette situation inacceptable, marqu\u00e9e par la malhonn\u00eatet\u00e9, la corruption, ou encore,\u00a0 le racket. Faites-en vous-m\u00eame l\u2019exp\u00e9rience. Par exemple, si vous sortez de chez vous en voiture, vous en avez pour 50 DH la journ\u00e9e. Le premier rempart, ce sont les gardiens de voiture. Vous pouvez en \u00eatre \u00e0 votre dixi\u00e8me stationnement, ces derniers s\u2019en moquent et demandent \u00e0 \u00eatre pay\u00e9s\u2026 Autre exemple, lorsque vous prenez un caf\u00e9 dans un endroit que vous fr\u00e9quentez rarement, il s\u2019av\u00e8re essentiel de v\u00e9rifier l\u2019addition et de recompter la monnaie rendue au risque de se faire arnaquer. Vous voulez un renseignement ou une direction vers une destination particuli\u00e8re ? La personne qui r\u00e9pondra ne se g\u00eanera pas pour vous demander une pi\u00e8ce. M\u00eame topo au sein des administrations.\u00a0 Lorsqu\u2019on demande un permis de construire ou lorsqu\u2019on souhaite installer un compteur d\u2019eau, il vous faudra batailler pour faire avancer votre dossier, et notamment sortir de l\u2019argent de vos poches. Ceux qui s\u2019en occupent ont d\u2019ailleurs l\u2019art et la mani\u00e8re de vous le faire comprendre indirectement. La situation se r\u00e9p\u00e8te \u00e9galement lorsqu\u2019il s\u2019agit de b\u00e9n\u00e9ficier de m\u00e9dicaments ou de soins d\u2019urgence \u00e0 l\u2019h\u00f4pital. Une situation qui refl\u00e8te beaucoup d\u2019\u00e9go\u00efsme et d\u2019individualisme, au d\u00e9triment de l\u2019int\u00e9r\u00eat du pays.<\/p>\n<p class=\"rtejustify\">X-OR<\/p>\n<p class=\"rtecenter\"><strong><u>\u00a0\u00a0\u00a0\u00a0\u00a0\u00a0\u00a0\u00a0\u00a0\u00a0\u00a0\u00a0\u00a0\u00a0\u00a0\u00a0\u00a0\u00a0\u00a0\u00a0\u00a0\u00a0\u00a0\u00a0\u00a0\u00a0\u00a0\u00a0\u00a0\u00a0\u00a0\u00a0\u00a0\u00a0\u00a0\u00a0\u00a0\u00a0\u00a0\u00a0\u00a0\u00a0\u00a0\u00a0\u00a0\u00a0\u00a0\u00a0\u00a0\u00a0\u00a0\u00a0\u00a0\u00a0\u00a0\u00a0\u00a0<\/u><\/strong><\/p>\n<p class=\"rtecenter\"><strong>Et d\u2019autres r\u00e9actions<\/strong><\/p>\n<p class=\"rtejustify\"><strong>\u25a0 Smart city: Un simple slogan<\/strong><br \/>Des villes marocaines comme Casablanca ou Rabat n\u2019ont de slogan que le nom. Quel g\u00e2chis ! Et que dire de Mekn\u00e8s ? Des avenues aux ruelles, en passant par les b\u00e2timents et la vision, tout y est trop \u00e9troit ! Il est temps de voir plus grand et plus \u00abdurable\u00bb.<br \/><em>SM Ben Hallam<\/em><\/p>\n<p class=\"rtejustify\"><strong>\u25a0 Gr\u00e8ve des bus: La faute \u00e0 une privatisation non ma\u00eetris\u00e9e<\/strong><br \/>Cette gr\u00e8ve interminable est avant tout due \u00e0 une privatisation non ma\u00eetris\u00e9e des transports en commun. Dans le monde entier, chaque ville d\u00e9tient une seule et unique soci\u00e9t\u00e9 de transport pr\u00e9vue pour durer. Aucun pays ne change d\u2019entreprise de transport tous les cinq ans. C\u2019est juste totalement fou ! Bravo aux walis qui ont autoris\u00e9 cela\u2026<br \/><em>Omar Wajounbi<\/em><\/p>\n<p class=\"rtejustify\"><strong>\u25a0\u00a0Plus de lignes a\u00e9riennes, mais plus de retards aussi!<\/strong><br \/>Des vols suppl\u00e9mentaires vers Istanbul au d\u00e9part de Marrakech, c&rsquo;est assur\u00e9ment une bonne nouvelle. N\u00e9anmoins, il ne faut pas que l\u2019on passe une heure et demie \u00e0 sortir de l\u2019avion et de l\u2019a\u00e9roport ! Un timing inacceptable caus\u00e9 avant tout par un manque de douaniers et par le nombre limit\u00e9 de policiers charg\u00e9s de v\u00e9rifier les passeports. Ces queues sans fin peuvent aller jusqu\u2019\u00e0 vous faire rater votre vol, et cela m\u00eame en \u00e9tant arriv\u00e9 sur place deux heures avant le d\u00e9collage!<br \/><em>Amorim<\/em><\/p>\n<p class=\"rtejustify\">\u00a0<\/p>\n<p class=\"rtejustify\">\u00a0<\/p>\n<p>Auteur: hlafriqi<br \/>\n<a href=\"https:\/\/www.leconomiste.com\/article\/1044573-langues-d-enseignement-un-faux-debat\">Cliquez ici pour lire l&rsquo;article depuis sa source.<\/a><\/p>\n","protected":false},"excerpt":{"rendered":"<p>\u25a0 L\u2019arbre qui cache la for\u00eat Notre probl\u00e8me, c&rsquo;est avant tout la qualit\u00e9 et le contenu de notre enseignement scolaire et non sa langue. L&rsquo;\u00e9cole marocaine produit des illettr\u00e9s mais aussi des profils inadapt\u00e9s, cela saute aux yeux! Ce qu\u2019il faut pointer du doigt, c\u2019est la d\u00e9faillance du syst\u00e8me, la qualit\u00e9 m\u00e9diocre de l\u2019enseignement, le [&hellip;]<\/p>\n","protected":false},"author":1763,"featured_media":31888,"comment_status":"closed","ping_status":"closed","sticky":false,"template":"","format":"standard","meta":{"fifu_image_url":"","fifu_image_alt":"","footnotes":""},"categories":[78,54],"tags":[],"class_list":["post-31887","post","type-post","status-publish","format-standard","has-post-thumbnail","hentry","category-economie","category-maroc"],"_links":{"self":[{"href":"https:\/\/linitiative.ca\/International\/wp-json\/wp\/v2\/posts\/31887","targetHints":{"allow":["GET"]}}],"collection":[{"href":"https:\/\/linitiative.ca\/International\/wp-json\/wp\/v2\/posts"}],"about":[{"href":"https:\/\/linitiative.ca\/International\/wp-json\/wp\/v2\/types\/post"}],"author":[{"embeddable":true,"href":"https:\/\/linitiative.ca\/International\/wp-json\/wp\/v2\/users\/1763"}],"replies":[{"embeddable":true,"href":"https:\/\/linitiative.ca\/International\/wp-json\/wp\/v2\/comments?post=31887"}],"version-history":[{"count":0,"href":"https:\/\/linitiative.ca\/International\/wp-json\/wp\/v2\/posts\/31887\/revisions"}],"wp:featuredmedia":[{"embeddable":true,"href":"https:\/\/linitiative.ca\/International\/wp-json\/"}],"wp:attachment":[{"href":"https:\/\/linitiative.ca\/International\/wp-json\/wp\/v2\/media?parent=31887"}],"wp:term":[{"taxonomy":"category","embeddable":true,"href":"https:\/\/linitiative.ca\/International\/wp-json\/wp\/v2\/categories?post=31887"},{"taxonomy":"post_tag","embeddable":true,"href":"https:\/\/linitiative.ca\/International\/wp-json\/wp\/v2\/tags?post=31887"}],"curies":[{"name":"wp","href":"https:\/\/api.w.org\/{rel}","templated":true}]}}