{"id":31893,"date":"2019-05-03T15:13:59","date_gmt":"2019-05-03T19:13:59","guid":{"rendered":"https:\/\/linitiative.ca\/International\/ligue-1-2-nahd-azzi-on-doit-reagir-face-a-less\/"},"modified":"2019-05-03T15:13:59","modified_gmt":"2019-05-03T19:13:59","slug":"ligue-1-2-nahd-azzi-on-doit-reagir-face-a-less","status":"publish","type":"post","link":"https:\/\/linitiative.ca\/International\/ligue-1-2-nahd-azzi-on-doit-reagir-face-a-less\/","title":{"rendered":"Ligue 1 &amp; 2 : NAHD &#8211; Azzi: \u00abOn doit r\u00e9agir face \u00e0 l\u2019ESS\u00bb"},"content":{"rendered":"<div readability=\"32\">\n<p>Auteur : <span>Rachid C.<\/span> <span class=\"time\">vendredi 03 mai 2019 10:19<\/span><\/p>\n<\/div>\n<div id=\"post_core\" readability=\"86\">\n<p>Le match de mise \u00e0 jour de la 24e journ\u00e9e de la Ligue 1 Mobilis qui a oppos\u00e9, samedi dernier, le PAC aux Sang et Or a \u00e9t\u00e9 une occasion pour Imad Azzi de gagner quelques minutes dans les jambes. Absent des terrains depuis le mois de janvier dernier, l\u2019international olympique a profit\u00e9 des nombreuses absences enregistr\u00e9es dans l\u2019effectif husseind\u00e9en pour renouer avec la comp\u00e9tition officielle. Lors de cette interview qu\u2019il nous a accord\u00e9e, l\u2019enfant de Ouargla est revenu sur le faux pas conc\u00e9d\u00e9 par son \u00e9quipe et d\u2019autres sujets qu\u2019on vous laisse le soin de d\u00e9couvrir.<\/p>\n<p><strong>Tout d\u2019abord, comment expliquez-vous la r\u00e9cente d\u00e9faite conc\u00e9d\u00e9e face au PAC ?<\/strong><br \/>Comme il fallait s\u2019y attendre, le rendez-vous a \u00e9t\u00e9 tr\u00e8s difficile \u00e0 g\u00e9rer. Comme tout le monde le sait, la pr\u00e9paration pour ce match s\u2019est d\u00e9roul\u00e9e avec un effectif amoindri. Pas moins de six \u00e9l\u00e9ments ont d\u00e9clar\u00e9 forfait et cela pour diverses raisons. Le coach n\u2019avait donc pas beaucoup de choix pour composer son \u00e9quipe. Nous avons bien abord\u00e9 le derby, malheureusement le but que nous avons encaiss\u00e9 juste apr\u00e8s la demi-heure de jeu nous a fait tr\u00e8s mal. Nous avons fait tout notre possible pour revenir au score, mais nous avons butt\u00e9 sur un adversaire coriace. \u00a0<\/p>\n<p><strong>Vous avez \u00e9volu\u00e9 ce jour-l\u00e0 en tant qu\u2019arri\u00e8re droit. Comment \u00e9valuez-vous votre rendement ?<\/strong><br \/>Vous savez il est plut\u00f4t difficile de s\u2019auto-\u00e9valuer. D\u2019autant que d\u2019autres sont mieux indiqu\u00e9s pour le faire. C\u2019est-\u00e0-dire les membres du staff technique, les spectateurs et la presse. Mais je pense en toute modestie avoir rempli ma mission. Certes, ce n\u2019\u00e9tait pas facile au d\u00e9but, non seulement je ne suis pas arri\u00e8re droit de formation, mais aussi parce que j\u2019\u00e9tais loin de la comp\u00e9tition officielle depuis plusieurs semaines. Malgr\u00e9 ces donn\u00e9es, je me suis donn\u00e9 \u00e0 fond pour \u00eatre \u00e0 la hauteur de la confiance du coach. \u00a0<\/p>\n<p><strong>Beaucoup d\u2019espoirs reposaient sur vous en d\u00e9but de saison mais depuis votre arriv\u00e9e, vous n\u2019avez pas \u00e9t\u00e9 \u00e9pargn\u00e9 par les blessures. Un commentaire ?<\/strong><br \/>Que voulez-vous que je vous dise, les blessures font partie des risques du m\u00e9tier. Certes, elles m\u2019ont beaucoup p\u00e9nalis\u00e9 cette saison mais c\u2019est mon destin. Je n\u2019ai pas le choix, je dois l\u2019accepter. De toute fa\u00e7on, je suis li\u00e9 au Nasria avec un contrat d\u2019une longue dur\u00e9e. J\u2019esp\u00e8re que j\u2019aurai l\u2019occasion lors du prochain exercice de rattraper mon retard et montrer mes vraies qualit\u00e9s. \u00a0<\/p>\n<p><strong>\u00a0Ayant perdu tous ses objectifs, le NAHD devra se contenter une nouvelle fois du maintien. Qu\u2019avezvous \u00e0 nous dire \u00e0 ce sujet ?<\/strong><br \/>\u00c0 l\u2019instar de tous mes co\u00e9quipiers, je suis tr\u00e8s d\u00e9\u00e7u. Nous \u00e9tions engag\u00e9s sur trois fronts. Nous voulions tellement profiter de cette occasion pour offrir \u00e0 notre public un titre \u00e0 la fin de saison, h\u00e9las nous avons failli. Nous comprenons parfaitement la col\u00e8re de nos supporters. Nous les avons d\u00e9\u00e7us. Nous devons d\u00e8s maintenant commencer \u00e0 penser \u00e0 la prochaine saison et comment faire pour nous racheter.\u00a0 \u00a0<\/p>\n<p><strong>Dans quel \u00e9tat d\u2019esprit vous allez aborder les quatre derniers matches du championnat ?<\/strong><br \/>Nous ne sommes pas encore en vacances, nous devons honorer nos contrats. Nous sommes sur une s\u00e9rie de trois contre-performances de suite. Nous devons faire tout notre possible pour renouer avec les succ\u00e8s \u00e0 commencer par le rendez-vous du week-end prochain qui nous opposera \u00e0 domicile \u00e0 l\u2019ESS. Les quatre derni\u00e8res empoignades s\u2019annoncent toutes difficiles \u00e0 n\u00e9gocier, nous devons les g\u00e9rer match par match pour esp\u00e9rer r\u00e9colter le plus possible de points et finir ainsi la saison en haut du tableau.\u00a0<\/p>\n<p><strong>Publi\u00e9 dans :<\/strong> <span>ess<\/span> <span>Nahd<\/span> <span>Azzi<\/span><\/p>\n<\/div>\n<p>Auteur:<br \/>\n<a href=\"http:\/\/www.lebuteur.com\/article\/detail?titre=nahd-azzi-on-doit-reagir-face-a-less&#038;id=88464&#038;utm_source=feedburner&#038;utm_medium=feed&#038;utm_campaign=Feed%3A+GalerieFArtciles+%28Les+derniers+articles++-+lebuteur.com%29\">Cliquez ici pour lire l&rsquo;article depuis sa source.<\/a><\/p>\n","protected":false},"excerpt":{"rendered":"<p>Auteur : Rachid C. vendredi 03 mai 2019 10:19 Le match de mise \u00e0 jour de la 24e journ\u00e9e de la Ligue 1 Mobilis qui a oppos\u00e9, samedi dernier, le PAC aux Sang et Or a \u00e9t\u00e9 une occasion pour Imad Azzi de gagner quelques minutes dans les jambes. Absent des terrains depuis le mois [&hellip;]<\/p>\n","protected":false},"author":1738,"featured_media":31894,"comment_status":"closed","ping_status":"closed","sticky":false,"template":"","format":"standard","meta":{"fifu_image_url":"","fifu_image_alt":"","footnotes":""},"categories":[53,75],"tags":[],"class_list":["post-31893","post","type-post","status-publish","format-standard","has-post-thumbnail","hentry","category-algerie","category-sport"],"_links":{"self":[{"href":"https:\/\/linitiative.ca\/International\/wp-json\/wp\/v2\/posts\/31893","targetHints":{"allow":["GET"]}}],"collection":[{"href":"https:\/\/linitiative.ca\/International\/wp-json\/wp\/v2\/posts"}],"about":[{"href":"https:\/\/linitiative.ca\/International\/wp-json\/wp\/v2\/types\/post"}],"author":[{"embeddable":true,"href":"https:\/\/linitiative.ca\/International\/wp-json\/wp\/v2\/users\/1738"}],"replies":[{"embeddable":true,"href":"https:\/\/linitiative.ca\/International\/wp-json\/wp\/v2\/comments?post=31893"}],"version-history":[{"count":0,"href":"https:\/\/linitiative.ca\/International\/wp-json\/wp\/v2\/posts\/31893\/revisions"}],"wp:featuredmedia":[{"embeddable":true,"href":"https:\/\/linitiative.ca\/International\/wp-json\/"}],"wp:attachment":[{"href":"https:\/\/linitiative.ca\/International\/wp-json\/wp\/v2\/media?parent=31893"}],"wp:term":[{"taxonomy":"category","embeddable":true,"href":"https:\/\/linitiative.ca\/International\/wp-json\/wp\/v2\/categories?post=31893"},{"taxonomy":"post_tag","embeddable":true,"href":"https:\/\/linitiative.ca\/International\/wp-json\/wp\/v2\/tags?post=31893"}],"curies":[{"name":"wp","href":"https:\/\/api.w.org\/{rel}","templated":true}]}}