{"id":31895,"date":"2019-05-03T15:14:01","date_gmt":"2019-05-03T19:14:01","guid":{"rendered":"https:\/\/linitiative.ca\/International\/international-real-les-dirigeants-ne-partageraient-pas-lavis-de-zidane-concernant-pogba\/"},"modified":"2019-05-03T15:14:01","modified_gmt":"2019-05-03T19:14:01","slug":"international-real-les-dirigeants-ne-partageraient-pas-lavis-de-zidane-concernant-pogba","status":"publish","type":"post","link":"https:\/\/linitiative.ca\/International\/international-real-les-dirigeants-ne-partageraient-pas-lavis-de-zidane-concernant-pogba\/","title":{"rendered":"International : Real : Les dirigeants ne partageraient pas l&rsquo;avis de Zidane concernant Pogba"},"content":{"rendered":"<div readability=\"32\">\n<p>Auteur : <span class=\"time\">vendredi 03 mai 2019 10:22<\/span><\/p>\n<\/div>\n<div id=\"post_core\" readability=\"39\">\n<p>A en croire les informations du journal Marca, la Maison Blanche h\u00e9site financi\u00e8rement \u00e0 s&rsquo;aligner sur la demande des Red Devils et le salaire du champion du monde 2018. Alors que Manchester United r\u00e9clame 150 millions d&rsquo;euros, le Real Madrid ne semble pas d\u00e9cid\u00e9 \u00e0 d\u00e9passer les 200 millions d&rsquo;euros n\u00e9cessaires au transfert de l&rsquo;ancien Turinois comme l&rsquo;indique Topmercato.<\/p>\n<p><strong>Publi\u00e9 dans :<\/strong> <span>real madrid<\/span><\/p>\n<\/div>\n<p>Auteur:<br \/>\n<a href=\"http:\/\/www.lebuteur.com\/article\/detail?titre=real-les-dirigeants-ne-partageraient-pas-lavis-de-zidane-concernant-pogba&#038;id=88480&#038;utm_source=feedburner&#038;utm_medium=feed&#038;utm_campaign=Feed%3A+GalerieFArtciles+%28Les+derniers+articles++-+lebuteur.com%29\">Cliquez ici pour lire l&rsquo;article depuis sa source.<\/a><\/p>\n","protected":false},"excerpt":{"rendered":"<p>Auteur : vendredi 03 mai 2019 10:22 A en croire les informations du journal Marca, la Maison Blanche h\u00e9site financi\u00e8rement \u00e0 s&rsquo;aligner sur la demande des Red Devils et le salaire du champion du monde 2018. Alors que Manchester United r\u00e9clame 150 millions d&rsquo;euros, le Real Madrid ne semble pas d\u00e9cid\u00e9 \u00e0 d\u00e9passer les 200 [&hellip;]<\/p>\n","protected":false},"author":1738,"featured_media":31896,"comment_status":"closed","ping_status":"closed","sticky":false,"template":"","format":"standard","meta":{"fifu_image_url":"","fifu_image_alt":"","footnotes":""},"categories":[53,75],"tags":[],"class_list":["post-31895","post","type-post","status-publish","format-standard","has-post-thumbnail","hentry","category-algerie","category-sport"],"_links":{"self":[{"href":"https:\/\/linitiative.ca\/International\/wp-json\/wp\/v2\/posts\/31895","targetHints":{"allow":["GET"]}}],"collection":[{"href":"https:\/\/linitiative.ca\/International\/wp-json\/wp\/v2\/posts"}],"about":[{"href":"https:\/\/linitiative.ca\/International\/wp-json\/wp\/v2\/types\/post"}],"author":[{"embeddable":true,"href":"https:\/\/linitiative.ca\/International\/wp-json\/wp\/v2\/users\/1738"}],"replies":[{"embeddable":true,"href":"https:\/\/linitiative.ca\/International\/wp-json\/wp\/v2\/comments?post=31895"}],"version-history":[{"count":0,"href":"https:\/\/linitiative.ca\/International\/wp-json\/wp\/v2\/posts\/31895\/revisions"}],"wp:featuredmedia":[{"embeddable":true,"href":"https:\/\/linitiative.ca\/International\/wp-json\/"}],"wp:attachment":[{"href":"https:\/\/linitiative.ca\/International\/wp-json\/wp\/v2\/media?parent=31895"}],"wp:term":[{"taxonomy":"category","embeddable":true,"href":"https:\/\/linitiative.ca\/International\/wp-json\/wp\/v2\/categories?post=31895"},{"taxonomy":"post_tag","embeddable":true,"href":"https:\/\/linitiative.ca\/International\/wp-json\/wp\/v2\/tags?post=31895"}],"curies":[{"name":"wp","href":"https:\/\/api.w.org\/{rel}","templated":true}]}}