{"id":31897,"date":"2019-05-03T15:14:03","date_gmt":"2019-05-03T19:14:03","guid":{"rendered":"https:\/\/linitiative.ca\/International\/pros-schalke-04-bonne-nouvelle-pour-bentaleb\/"},"modified":"2019-05-03T15:14:03","modified_gmt":"2019-05-03T19:14:03","slug":"pros-schalke-04-bonne-nouvelle-pour-bentaleb","status":"publish","type":"post","link":"https:\/\/linitiative.ca\/International\/pros-schalke-04-bonne-nouvelle-pour-bentaleb\/","title":{"rendered":"Pros : Schalke 04: Bonne nouvelle pour Bentaleb"},"content":{"rendered":"<div readability=\"32\">\n<p>Auteur : <span class=\"time\">vendredi 03 mai 2019 14:36<\/span><\/p>\n<\/div>\n<div id=\"post_core\" readability=\"38\">\n<p>Le joueur milieu de terrain Alg\u00e9rien de Schalke 04, Nabil Bentaleb vient d\u2019avoir le feu vert pour pouvoir reprendre l\u2019entra\u00eenement avec ses co\u00e9quipiers. L\u2019entra\u00eeneur de la formation de Gelsenkirchen, Huub Stevens a indiqu\u00e9 que le joueur Alg\u00e9rien \u00e9tait autoris\u00e9 \u00e0 reprendre l\u2019entra\u00eenement avec ses co\u00e9quipiers. Pour rappel, Bentaleb \u00e9tait envoy\u00e9 en \u00e9quipe des moins de 23 ans.<\/p>\n<p><strong>Publi\u00e9 dans :<\/strong> <span>bentaleb<\/span><\/p>\n<\/div>\n<p>Auteur:<br \/>\n<a href=\"http:\/\/www.lebuteur.com\/article\/detail?titre=schalke-04-bonne-nouvelle-pour-bentaleb&#038;id=88481&#038;utm_source=feedburner&#038;utm_medium=feed&#038;utm_campaign=Feed%3A+GalerieFArtciles+%28Les+derniers+articles++-+lebuteur.com%29\">Cliquez ici pour lire l&rsquo;article depuis sa source.<\/a><\/p>\n","protected":false},"excerpt":{"rendered":"<p>Auteur : vendredi 03 mai 2019 14:36 Le joueur milieu de terrain Alg\u00e9rien de Schalke 04, Nabil Bentaleb vient d\u2019avoir le feu vert pour pouvoir reprendre l\u2019entra\u00eenement avec ses co\u00e9quipiers. L\u2019entra\u00eeneur de la formation de Gelsenkirchen, Huub Stevens a indiqu\u00e9 que le joueur Alg\u00e9rien \u00e9tait autoris\u00e9 \u00e0 reprendre l\u2019entra\u00eenement avec ses co\u00e9quipiers. Pour rappel, Bentaleb [&hellip;]<\/p>\n","protected":false},"author":1738,"featured_media":31898,"comment_status":"closed","ping_status":"closed","sticky":false,"template":"","format":"standard","meta":{"fifu_image_url":"","fifu_image_alt":"","footnotes":""},"categories":[53,75],"tags":[],"class_list":["post-31897","post","type-post","status-publish","format-standard","has-post-thumbnail","hentry","category-algerie","category-sport"],"_links":{"self":[{"href":"https:\/\/linitiative.ca\/International\/wp-json\/wp\/v2\/posts\/31897","targetHints":{"allow":["GET"]}}],"collection":[{"href":"https:\/\/linitiative.ca\/International\/wp-json\/wp\/v2\/posts"}],"about":[{"href":"https:\/\/linitiative.ca\/International\/wp-json\/wp\/v2\/types\/post"}],"author":[{"embeddable":true,"href":"https:\/\/linitiative.ca\/International\/wp-json\/wp\/v2\/users\/1738"}],"replies":[{"embeddable":true,"href":"https:\/\/linitiative.ca\/International\/wp-json\/wp\/v2\/comments?post=31897"}],"version-history":[{"count":0,"href":"https:\/\/linitiative.ca\/International\/wp-json\/wp\/v2\/posts\/31897\/revisions"}],"wp:featuredmedia":[{"embeddable":true,"href":"https:\/\/linitiative.ca\/International\/wp-json\/"}],"wp:attachment":[{"href":"https:\/\/linitiative.ca\/International\/wp-json\/wp\/v2\/media?parent=31897"}],"wp:term":[{"taxonomy":"category","embeddable":true,"href":"https:\/\/linitiative.ca\/International\/wp-json\/wp\/v2\/categories?post=31897"},{"taxonomy":"post_tag","embeddable":true,"href":"https:\/\/linitiative.ca\/International\/wp-json\/wp\/v2\/tags?post=31897"}],"curies":[{"name":"wp","href":"https:\/\/api.w.org\/{rel}","templated":true}]}}