{"id":31901,"date":"2019-05-03T15:14:08","date_gmt":"2019-05-03T19:14:08","guid":{"rendered":"https:\/\/linitiative.ca\/International\/international-psg-la-sanction-de-kylian-mbappe-est-tombee\/"},"modified":"2019-05-03T15:14:08","modified_gmt":"2019-05-03T19:14:08","slug":"international-psg-la-sanction-de-kylian-mbappe-est-tombee","status":"publish","type":"post","link":"https:\/\/linitiative.ca\/International\/international-psg-la-sanction-de-kylian-mbappe-est-tombee\/","title":{"rendered":"International : PSG: la sanction de Kylian Mbapp\u00e9 est tomb\u00e9e"},"content":{"rendered":"<div readability=\"32\">\n<p>Auteur : <span class=\"time\">vendredi 03 mai 2019 14:55<\/span><\/p>\n<\/div>\n<div id=\"post_core\" readability=\"52\">\n<p>Le Paris Saint-Germain craignait le pire. Samedi dernier, en plus d\u2019avoir perdu la finale de la Coupe de Franc en face au Stade Rennais (2-2, 5 tab 6), le club de la capitale fran\u00e7aise regrettait \u00e9galement le carton rouge logique re\u00e7u par Kylian Mbapp\u00e9 \u00e0 la fin des prolongations. Auteur d\u2019un tacle sur le genou du d\u00e9fenseur Damien Da Silva, l\u2019international fran\u00e7ais pouvait craindre une fin de saison pr\u00e9matur\u00e9e alors qu\u2019il est en qu\u00eate de record avec ses 30 buts inscrits en championnat. Au final, l\u2019ancien Mon\u00e9gasque s\u2019en tire plut\u00f4t bien. Dans un communiqu\u00e9, la FFF vient d\u2019annoncer que le Parisien \u00e9copait de trois matches de suspension: \u00abLa Commission de discipline de la F\u00e9d\u00e9ration Fran\u00e7aise de Football r\u00e9unie le jeudi 2 mai a publi\u00e9 le communiqu\u00e9 suivant. \u00ab\u00a0R\u00e9unie le jeudi 2 mai 2019, la Commission f\u00e9d\u00e9rale de discipline, \u00e0 la suite de la finale de la Coupe de France entre le Stade Rennais et le Paris-Saint-Germain, le samedi 27 avril au Stade de France, a sanctionn\u00e9 Kylian Mbapp\u00e9 de trois matches de suspension ferme et a ouvert une proc\u00e9dure \u00e0 l\u2019encontre de Neymar, tous deux joueurs du Paris SG.\u00a0\u00bb\u00bb Au final, Mbapp\u00e9 pourra donc rejouer avec le PSG en Ligue 1 d\u2019ici la fin de la saison, notamment pour le dernier match \u00e0 domicile contre Dijon. En revanche, le suspense reste entier quant au sort r\u00e9serv\u00e9 \u00e0 Neymar. Pour rappel, le Br\u00e9silien est accus\u00e9 d\u2019avoir agress\u00e9 un pseudo supporter dans les trav\u00e9es du Stade de France au moment d\u2019aller chercher sa m\u00e9daille. Une proc\u00e9dure ayant \u00e9t\u00e9 ouverte par la Commission de discipline de la FFF, le num\u00e9ro 10 rouge-et-bleu peut craindre le pire, m\u00eame si le PSG a d\u00e9j\u00e0 fait savoir qu\u2019il pr\u00e9parait activement sa d\u00e9fense rapporte Foot Mercato.<\/p>\n<p><strong>Publi\u00e9 dans :<\/strong> <span>Mbapp\u00e9<\/span><\/p>\n<\/div>\n<p>Auteur:<br \/>\n<a href=\"http:\/\/www.lebuteur.com\/article\/detail?titre=psg-la-sanction-de-kylian-mbappe-est-tombee&#038;id=88483&#038;utm_source=feedburner&#038;utm_medium=feed&#038;utm_campaign=Feed%3A+GalerieFArtciles+%28Les+derniers+articles++-+lebuteur.com%29\">Cliquez ici pour lire l&rsquo;article depuis sa source.<\/a><\/p>\n","protected":false},"excerpt":{"rendered":"<p>Auteur : vendredi 03 mai 2019 14:55 Le Paris Saint-Germain craignait le pire. Samedi dernier, en plus d\u2019avoir perdu la finale de la Coupe de Franc en face au Stade Rennais (2-2, 5 tab 6), le club de la capitale fran\u00e7aise regrettait \u00e9galement le carton rouge logique re\u00e7u par Kylian Mbapp\u00e9 \u00e0 la fin des [&hellip;]<\/p>\n","protected":false},"author":1738,"featured_media":31902,"comment_status":"closed","ping_status":"closed","sticky":false,"template":"","format":"standard","meta":{"fifu_image_url":"","fifu_image_alt":"","footnotes":""},"categories":[53,75],"tags":[],"class_list":["post-31901","post","type-post","status-publish","format-standard","has-post-thumbnail","hentry","category-algerie","category-sport"],"_links":{"self":[{"href":"https:\/\/linitiative.ca\/International\/wp-json\/wp\/v2\/posts\/31901","targetHints":{"allow":["GET"]}}],"collection":[{"href":"https:\/\/linitiative.ca\/International\/wp-json\/wp\/v2\/posts"}],"about":[{"href":"https:\/\/linitiative.ca\/International\/wp-json\/wp\/v2\/types\/post"}],"author":[{"embeddable":true,"href":"https:\/\/linitiative.ca\/International\/wp-json\/wp\/v2\/users\/1738"}],"replies":[{"embeddable":true,"href":"https:\/\/linitiative.ca\/International\/wp-json\/wp\/v2\/comments?post=31901"}],"version-history":[{"count":0,"href":"https:\/\/linitiative.ca\/International\/wp-json\/wp\/v2\/posts\/31901\/revisions"}],"wp:featuredmedia":[{"embeddable":true,"href":"https:\/\/linitiative.ca\/International\/wp-json\/"}],"wp:attachment":[{"href":"https:\/\/linitiative.ca\/International\/wp-json\/wp\/v2\/media?parent=31901"}],"wp:term":[{"taxonomy":"category","embeddable":true,"href":"https:\/\/linitiative.ca\/International\/wp-json\/wp\/v2\/categories?post=31901"},{"taxonomy":"post_tag","embeddable":true,"href":"https:\/\/linitiative.ca\/International\/wp-json\/wp\/v2\/tags?post=31901"}],"curies":[{"name":"wp","href":"https:\/\/api.w.org\/{rel}","templated":true}]}}