{"id":31919,"date":"2019-05-03T13:11:30","date_gmt":"2019-05-03T17:11:30","guid":{"rendered":"https:\/\/linitiative.ca\/International\/89014-judo-championnats-d-afrique-2019-17-medailles-pour-l-algerie\/"},"modified":"2019-05-03T13:11:30","modified_gmt":"2019-05-03T17:11:30","slug":"89014-judo-championnats-d-afrique-2019-17-medailles-pour-l-algerie","status":"publish","type":"post","link":"https:\/\/linitiative.ca\/International\/89014-judo-championnats-d-afrique-2019-17-medailles-pour-l-algerie\/","title":{"rendered":"Judo\/Championnats d&rsquo;Afrique 2019: 17 m\u00e9dailles pour l&rsquo;Alg\u00e9rie"},"content":{"rendered":"<div>\n<div class=\"K2FeedImage\"><img decoding=\"async\" src=\"http:\/\/www.aps.dz\/media\/k2\/items\/cache\/14101605cd2b1f03e4509cf67579b875_S.jpg\" alt=\"Judo\/Championnats d'Afrique 2019: 17 m\u00e9dailles pour l'Alg\u00e9rie\"><\/div>\n<div class=\"K2FeedIntroText\">\n<p><strong>DAKAR &#8211; La s\u00e9lection alg\u00e9rienne (Gar\u00e7ons \/ Filles) de judo a d\u00e9coch\u00e9 17 m\u00e9dailles (4 or, 3 argent et 10 bronze) aux Championnats d&rsquo;Afrique des cadets, cl\u00f4tur\u00e9s ce vendredi \u00e0 Dakar (S\u00e9n\u00e9gal).<\/strong><\/p>\n<\/div>\n<div class=\"K2FeedFullText\">\n<p>Les breloques en m\u00e9tal pr\u00e9cieux ont \u00e9t\u00e9 l&rsquo;ouvre de Mahdi Abdelatif Boubetra (-55 kg) et Mohamed Khadir (-81 kg) chez les gar\u00e7ons, ainsi que Melissa Khir\u00e8che (-40 kg) et Yassamine Djellab (-63 kg) chez les filles.<\/p>\n<p>De leur c\u00f4t\u00e9, Arselan Benhaoua (-73 kg) et Bessam Yahiaoui (-90 kg) se sont content\u00e9s de la m\u00e9daille d&rsquo;argent, tout comme leur compatriote Loubna Nedja\u00ef dans la cat\u00e9gorie des moins de 44 kg (filles).<\/p>\n<p>Les dix autres m\u00e9dailles alg\u00e9riennes dans cette comp\u00e9tition \u00e9taient en bronze, obtenues par Mohamed Amine Bessa\u00ef (-50 kg), Aymen Salah Ould Sa\u00efdi (-60 kg), Amir Abderrahim Haddad (-66 kg), Mohamed Amine Sebit (-66 kg) et Raouf Hallaf (+90 kg) chez les gar\u00e7ons, ainsi que Djihane Boubidi (-48 kg), Nardjis Khacir (-52 kg), Rajae A\u00efssa-Mamoune (-57 kg), Racha Chahrazed Ramdane (-63 kg) et Nabila Benbelkacem (-70 kg).<\/p>\n<hr>\n<h3>Lire aussi:\u00a0<a href=\"http:\/\/www.aps.dz\/sport\/88698-judo-championnats-d-afrique-2019-l-algerie-a-la-1e-place-avec-13-medailles\" target=\"_blank\" rel=\"noopener noreferrer\">Judo\/Championnats d&rsquo;Afrique 2019: l&rsquo;Alg\u00e9rie \u00e0 la 1e place, avec 13 m\u00e9dailles<\/a><\/h3>\n<hr>\n<p>Avec vingt judokas engag\u00e9s (10 gar\u00e7ons et 10 filles), l&rsquo;Alg\u00e9rie a \u00e9t\u00e9 le pays le mieux repr\u00e9sent\u00e9 dans ces championnats d&rsquo;Afrique 2019 des cadets, devant l&rsquo;Egypte (18) et l&rsquo;Afrique du Sud (15).<\/p>\n<p>Outre les 17 m\u00e9daill\u00e9s suscit\u00e9s, les trois autres judokas alg\u00e9riens engag\u00e9s dans cette comp\u00e9tition sont Ka\u00efs Mahieddine Moudetere (-60 kg) chez les gar\u00e7ons et Manel Bourad (-57 kg) et Amina Benzemmouri (-70 kg) chez les filles. Mais contrairement \u00e0 leurs compatriotes, ils n&rsquo;ont pas eu la chance d&rsquo;aller suffisamment loin pour d\u00e9crocher un podium.<\/p>\n<p>Au total 96 judokas (55 gar\u00e7ons et 41 filles), repr\u00e9sentant 14 pays ont pris part \u00e0 cette comp\u00e9tition, disput\u00e9e les 2 et 3 mai dans la capitale s\u00e9n\u00e9galaise, Dakar.<\/p>\n<p>Outre l&rsquo;Alg\u00e9rie et le S\u00e9n\u00e9gal, pays organisateur de cette comp\u00e9tition, les 12 autres nations engag\u00e9es sont : Burkina Faso, Cameroun, Tchad, Egypte, Gabon, Gambie, C\u00f4te d&rsquo;Ivoire, Maroc, Afrique du Sud, Togo, Tunisie et Zimbabwe.<\/p>\n<\/div>\n<p><img loading=\"lazy\" decoding=\"async\" src=\"http:\/\/feeds.feedburner.com\/~r\/aps-sport\/~4\/7ewlluMcnRA\" height=\"1\" width=\"1\" alt=\"\"><\/div>\n<p>Auteur:<br \/>\n<a href=\"http:\/\/www.aps.dz\/sport\/89014-judo-championnats-d-afrique-2019-17-medailles-pour-l-algerie?utm_source=feedburner&#038;utm_medium=feed&#038;utm_campaign=Feed%3A+aps-sport+%28APS+-+SPORT%29\">Cliquez ici pour lire l&rsquo;article depuis sa source.<\/a><\/p>\n","protected":false},"excerpt":{"rendered":"<p>DAKAR &#8211; La s\u00e9lection alg\u00e9rienne (Gar\u00e7ons \/ Filles) de judo a d\u00e9coch\u00e9 17 m\u00e9dailles (4 or, 3 argent et 10 bronze) aux Championnats d&rsquo;Afrique des cadets, cl\u00f4tur\u00e9s ce vendredi \u00e0 Dakar (S\u00e9n\u00e9gal). Les breloques en m\u00e9tal pr\u00e9cieux ont \u00e9t\u00e9 l&rsquo;ouvre de Mahdi Abdelatif Boubetra (-55 kg) et Mohamed Khadir (-81 kg) chez les gar\u00e7ons, ainsi [&hellip;]<\/p>\n","protected":false},"author":1790,"featured_media":31920,"comment_status":"closed","ping_status":"closed","sticky":false,"template":"","format":"standard","meta":{"fifu_image_url":"","fifu_image_alt":"","footnotes":""},"categories":[53,75],"tags":[],"class_list":["post-31919","post","type-post","status-publish","format-standard","has-post-thumbnail","hentry","category-algerie","category-sport"],"_links":{"self":[{"href":"https:\/\/linitiative.ca\/International\/wp-json\/wp\/v2\/posts\/31919","targetHints":{"allow":["GET"]}}],"collection":[{"href":"https:\/\/linitiative.ca\/International\/wp-json\/wp\/v2\/posts"}],"about":[{"href":"https:\/\/linitiative.ca\/International\/wp-json\/wp\/v2\/types\/post"}],"author":[{"embeddable":true,"href":"https:\/\/linitiative.ca\/International\/wp-json\/wp\/v2\/users\/1790"}],"replies":[{"embeddable":true,"href":"https:\/\/linitiative.ca\/International\/wp-json\/wp\/v2\/comments?post=31919"}],"version-history":[{"count":0,"href":"https:\/\/linitiative.ca\/International\/wp-json\/wp\/v2\/posts\/31919\/revisions"}],"wp:featuredmedia":[{"embeddable":true,"href":"https:\/\/linitiative.ca\/International\/wp-json\/"}],"wp:attachment":[{"href":"https:\/\/linitiative.ca\/International\/wp-json\/wp\/v2\/media?parent=31919"}],"wp:term":[{"taxonomy":"category","embeddable":true,"href":"https:\/\/linitiative.ca\/International\/wp-json\/wp\/v2\/categories?post=31919"},{"taxonomy":"post_tag","embeddable":true,"href":"https:\/\/linitiative.ca\/International\/wp-json\/wp\/v2\/tags?post=31919"}],"curies":[{"name":"wp","href":"https:\/\/api.w.org\/{rel}","templated":true}]}}