{"id":31921,"date":"2019-05-03T13:59:39","date_gmt":"2019-05-03T17:59:39","guid":{"rendered":"https:\/\/linitiative.ca\/International\/89017-je-n-ai-jamais-compris-comment-l-algerie-n-a-jamais-gagne-un-titre-depuis-2007\/"},"modified":"2019-05-03T13:59:39","modified_gmt":"2019-05-03T17:59:39","slug":"89017-je-n-ai-jamais-compris-comment-l-algerie-n-a-jamais-gagne-un-titre-depuis-2007","status":"publish","type":"post","link":"https:\/\/linitiative.ca\/International\/89017-je-n-ai-jamais-compris-comment-l-algerie-n-a-jamais-gagne-un-titre-depuis-2007\/","title":{"rendered":"\u00ab\u00a0Je n&rsquo;ai jamais compris comment l&rsquo;Alg\u00e9rie n&rsquo;a jamais gagn\u00e9 un titre depuis 2007\u00a0\u00bb"},"content":{"rendered":"<div>\n<div class=\"K2FeedImage\"><img decoding=\"async\" src=\"http:\/\/www.aps.dz\/media\/k2\/items\/cache\/50f2509fe8a0db88b0c98f25da663522_S.jpg\" alt=\"\" je n jamais compris comment l gagn un titre depuis><\/div>\n<div class=\"K2FeedIntroText\">\n<p><strong>PARIS &#8211; L&rsquo;ancien entra\u00eeneur de l&rsquo;\u00e9quipe nationale alg\u00e9rienne de football (2006-2007), Jean-Michel Cavalli, a indiqu\u00e9 vendredi qu&rsquo;il n&rsquo;a jamais compris comment l&rsquo;Alg\u00e9rie, depuis 2007, n&rsquo;a jamais gagn\u00e9 de titre, avec laquelle, a-t-il soulign\u00e9, \u00ab\u00a0nous avons fait un parcours extraordinaire\u00a0\u00bb.<\/strong><\/p>\n<\/div>\n<div class=\"K2FeedFullText\">\n<p>\u00ab\u00a0Apr\u00e8s mon passage en 2006-2007, vu la progression qui a \u00e9t\u00e9 celle de l&rsquo;Alg\u00e9rie, la suite qu&rsquo;a pris le pr\u00e9sident Raouraoua qui avait fait un tr\u00e8s bon travail, parce qu&rsquo;il a mis cette \u00e9quipe nationale dans les meilleures conditions, d&rsquo;abord d&rsquo;infrastructures : il a fait construire un camp d&rsquo;entra\u00eenement magnifique, digne de ce nom. Il a am\u00e9lior\u00e9 les conditions financi\u00e8res et de voyage. Lui aussi est un grand monsieur. Et je n&rsquo;ai jamais compris comment l&rsquo;Alg\u00e9rie, depuis 2007, n&rsquo;a jamais gagn\u00e9 un titre\u00a0\u00bb, a-t-il dit dans une interview au magazine Onze Mondial.<\/p>\n<p>Pour lui, l&rsquo;exp\u00e9rience alg\u00e9rienne restera un moment \u00ab\u00a0tr\u00e8s important\u00a0\u00bb, rappelant que, quand il est arriv\u00e9 \u00e0 la t\u00eate de l&rsquo;EN, \u00ab\u00a0c&rsquo;\u00e9tait vraiment le d\u00e9sert\u00a0\u00bb.<\/p>\n<p>\u00ab\u00a0L&rsquo;Alg\u00e9rie \u00e9tait un challenge. Avant de la prendre, j&rsquo;ai eu des contacts avec des entra\u00eeneurs chevronn\u00e9s, des s\u00e9lectionneurs. Bien souvent, on m&rsquo;a dit que \u00e7a allait \u00eatre difficile de commencer dans cette voie avec une s\u00e9lection comme celle-l\u00e0, que \u00e7a pouvait me casser mon \u00e9lan\u00a0\u00bb, a-t-il expliqu\u00e9, estimant que \u00ab\u00a0\u00e7a a \u00e9t\u00e9 assez r\u00e9ussi\u00a0\u00bb.<\/p>\n<p>\u00ab\u00a0Je ne veux pas tremper dans la facilit\u00e9. Je pense que \u00e7a a \u00e9t\u00e9 assez r\u00e9ussi, parce que quand je suis parti j&rsquo;ai dit au pr\u00e9sident : \u2018Voil\u00e0 votre \u00e9quipe, elle fera la Coupe du monde\u2019, et c&rsquo;est ce qui est arriv\u00e9\u00a0\u00bb, a-t-il dit, regrettant d&rsquo;avoir commis une erreur de jeunes en quittant la s\u00e9lection alg\u00e9rienne parce qu&rsquo;il n&rsquo;a \u00ab\u00a0pas senti le vent venir\u00a0\u00bb.<\/p>\n<p>\u00ab\u00a0J&rsquo;aurais pu rester s\u00e9lectionneur en Alg\u00e9rie si j&rsquo;avais \u00e9cout\u00e9 mon pr\u00e9sident de l&rsquo;\u00e9poque, M. Haddadj, et l\u00e0 j&rsquo;ai commis une erreur de partir, parce que si j&rsquo;\u00e9tais rest\u00e9, j&rsquo;aurais fait la Coupe du monde. C&rsquo;est mon \u00e9quipe qui l&rsquo;a faite, je l&rsquo;avais pr\u00e9par\u00e9e pendant 24 mois, et j&rsquo;en \u00e9tais tr\u00e8s proche. Mais j&rsquo;\u00e9tais jeune dans le m\u00e9tier de s\u00e9lectionneur et je n&rsquo;ai pas senti le vent venir\u00a0\u00bb, a ajout\u00e9 Cavalli (62 ans) qui a remerci\u00e9 au passage l&rsquo;entra\u00eeneur Michel Hidalgo, qui l&rsquo;a guid\u00e9 pour son m\u00e9tier de s\u00e9lectionneur en Alg\u00e9rie.<\/p>\n<p>Contraint de quitter le MC Oran au d\u00e9but de cette semaine, Cavalli dit rester \u00ab\u00a0fid\u00e8le\u00a0\u00bb \u00e0 l&rsquo;Alg\u00e9rie, une \u00e9quipe qui \u00e9tait 123e au classement FIFA et qui s&rsquo;est retrouv\u00e9e qualifi\u00e9e pour la Coupe du monde, deux ans et demi plus tard, indiquant qu&rsquo;il a de \u00ab\u00a0l&rsquo;affection pour l&rsquo;Afrique\u00a0\u00bb.<\/p>\n<\/div>\n<p><img loading=\"lazy\" decoding=\"async\" src=\"http:\/\/feeds.feedburner.com\/~r\/aps-sport\/~4\/tk2CBRJe8nQ\" height=\"1\" width=\"1\" alt=\"\"><\/div>\n<p>Auteur:<br \/>\n<a href=\"http:\/\/www.aps.dz\/sport\/89017-je-n-ai-jamais-compris-comment-l-algerie-n-a-jamais-gagne-un-titre-depuis-2007?utm_source=feedburner&#038;utm_medium=feed&#038;utm_campaign=Feed%3A+aps-sport+%28APS+-+SPORT%29\">Cliquez ici pour lire l&rsquo;article depuis sa source.<\/a><\/p>\n","protected":false},"excerpt":{"rendered":"<p>PARIS &#8211; L&rsquo;ancien entra\u00eeneur de l&rsquo;\u00e9quipe nationale alg\u00e9rienne de football (2006-2007), Jean-Michel Cavalli, a indiqu\u00e9 vendredi qu&rsquo;il n&rsquo;a jamais compris comment l&rsquo;Alg\u00e9rie, depuis 2007, n&rsquo;a jamais gagn\u00e9 de titre, avec laquelle, a-t-il soulign\u00e9, \u00ab\u00a0nous avons fait un parcours extraordinaire\u00a0\u00bb. \u00ab\u00a0Apr\u00e8s mon passage en 2006-2007, vu la progression qui a \u00e9t\u00e9 celle de l&rsquo;Alg\u00e9rie, la suite [&hellip;]<\/p>\n","protected":false},"author":1790,"featured_media":31922,"comment_status":"closed","ping_status":"closed","sticky":false,"template":"","format":"standard","meta":{"fifu_image_url":"","fifu_image_alt":"","footnotes":""},"categories":[53,75],"tags":[],"class_list":["post-31921","post","type-post","status-publish","format-standard","has-post-thumbnail","hentry","category-algerie","category-sport"],"_links":{"self":[{"href":"https:\/\/linitiative.ca\/International\/wp-json\/wp\/v2\/posts\/31921","targetHints":{"allow":["GET"]}}],"collection":[{"href":"https:\/\/linitiative.ca\/International\/wp-json\/wp\/v2\/posts"}],"about":[{"href":"https:\/\/linitiative.ca\/International\/wp-json\/wp\/v2\/types\/post"}],"author":[{"embeddable":true,"href":"https:\/\/linitiative.ca\/International\/wp-json\/wp\/v2\/users\/1790"}],"replies":[{"embeddable":true,"href":"https:\/\/linitiative.ca\/International\/wp-json\/wp\/v2\/comments?post=31921"}],"version-history":[{"count":0,"href":"https:\/\/linitiative.ca\/International\/wp-json\/wp\/v2\/posts\/31921\/revisions"}],"wp:featuredmedia":[{"embeddable":true,"href":"https:\/\/linitiative.ca\/International\/wp-json\/"}],"wp:attachment":[{"href":"https:\/\/linitiative.ca\/International\/wp-json\/wp\/v2\/media?parent=31921"}],"wp:term":[{"taxonomy":"category","embeddable":true,"href":"https:\/\/linitiative.ca\/International\/wp-json\/wp\/v2\/categories?post=31921"},{"taxonomy":"post_tag","embeddable":true,"href":"https:\/\/linitiative.ca\/International\/wp-json\/wp\/v2\/tags?post=31921"}],"curies":[{"name":"wp","href":"https:\/\/api.w.org\/{rel}","templated":true}]}}