{"id":31923,"date":"2019-05-03T14:23:32","date_gmt":"2019-05-03T18:23:32","guid":{"rendered":"https:\/\/linitiative.ca\/International\/89019-transfert-nice-youcef-atal-n-est-pas-a-vendre-vieira\/"},"modified":"2019-05-03T14:23:32","modified_gmt":"2019-05-03T18:23:32","slug":"89019-transfert-nice-youcef-atal-n-est-pas-a-vendre-vieira","status":"publish","type":"post","link":"https:\/\/linitiative.ca\/International\/89019-transfert-nice-youcef-atal-n-est-pas-a-vendre-vieira\/","title":{"rendered":"Transfert-Nice: Youcef Atal n&rsquo;est pas \u00e0 vendre (Vieira)"},"content":{"rendered":"<div>\n<div class=\"K2FeedIntroText\">\n<p><strong>PARIS &#8211; L&rsquo;entra\u00eeneur de l&rsquo;OGC Nice (Ligue 1), Patrick Vieira, a d\u00e9clar\u00e9 que le lat\u00e9ral alg\u00e9rien Youcef Atal, auteur d&rsquo;un tripl\u00e9 le week-end dernier contre Guingamp (3-0), n&rsquo;\u00e9tait pas \u00e0 vendre, mentionnant qu&rsquo;il fait partie des \u00ab\u00a0tr\u00e8s bons joueurs\u00a0\u00bb du championnat fran\u00e7ais de football.<\/strong><\/p>\n<\/div>\n<div class=\"K2FeedFullText\">\n<p>Interrog\u00e9 sur la possibilit\u00e9 de voir Atal (22 ans) \u00e9voluer dans un autre club, le technicien ni\u00e7ois a \u00e9t\u00e9 cat\u00e9gorique : \u00ab\u00a0Je ne me pose m\u00eame pas la question parce que nous ne sommes pas vendeurs\u00a0\u00bb, a rapport\u00e9 France Football, soulignant que \u00ab\u00a0les clubs ne vont pas appeler le pr\u00e9sident seulement parce qu&rsquo;il a marqu\u00e9 trois buts contre Guingamp\u00a0\u00bb.<\/p>\n<p>\u00ab\u00a0Depuis le d\u00e9but de la saison, il fait partie des tr\u00e8s bons joueurs du championnat. Des clubs seront bien s\u00fbr int\u00e9ress\u00e9s mais nous ne sommes pas vendeurs. Le message est clair, point final\u00a0\u00bb, a-t-il dit, indiquant qu'\u00a0\u00bbon ne va pas juger Youcef seulement sur ce match (contre Guingamp), mais sur tout ce qu&rsquo;il a fait depuis le d\u00e9but de la saison\u00a0\u00bb.<\/p>\n<p>Pour lui, l&rsquo;international alg\u00e9rien doit rester \u00ab\u00a0parfaitement concentr\u00e9\u00a0\u00bb sur la fin de saison et qu&rsquo;il n&rsquo;avait pas eu \u00e0 le recadrer \u00e0 l&rsquo;entra\u00eenement. \u00ab\u00a0Oui, il doit le dig\u00e9rer mais j&rsquo;ai aussi envie qu&rsquo;il savoure ces moments. Il sort d&rsquo;un tr\u00e8s bon match, alors c&rsquo;est normal qu&rsquo;il soit content, il faut qu&rsquo;il le vive \u00e0 fond. On ne sait pas quand cela se reproduira\u00a0\u00bb, a-t-il ajout\u00e9.<\/p>\n<p>Plusieurs clubs fran\u00e7ais de Ligue 1 ont manifest\u00e9 leur convoitise pour d\u00e9baucher de Nice cet arri\u00e8re-droit venu l&rsquo;\u00e9t\u00e9 pass\u00e9 de Courtrai (Belgique).<\/p>\n<p>Pour la Premier League, The Telegraph a not\u00e9 l&rsquo;int\u00e9r\u00eat de Chelsea de faire venir Youcef Atal, malgr\u00e9 son interdiction de recrutement par la FIFA pour les deux prochains mercatos suite \u00e0 des irr\u00e9gularit\u00e9s dans plusieurs transferts de joueurs mineurs.<\/p>\n<p>Selon le m\u00eame journal, d&rsquo;autres clubs europ\u00e9ens comme le Bayern Munich et l&rsquo;Atletico Madrid ont \u00e9galement exprim\u00e9, chacun de son c\u00f4t\u00e9, leur souhait de s&rsquo;attacher les services d&rsquo;Atal. Il y a quelques semaines, le site Maxifoot.fr avait indiqu\u00e9 que le PSG et Tottenham avaient \u00e9galement observ\u00e9 les performances de Youcef Atal ces derniers mois.<\/p>\n<p>Avant d&rsquo;atterrir en France, Youcef Atal a port\u00e9 les couleurs de nombreux clubs (toutes cat\u00e9gories confondues), entre autres la JS Kabylie et Paradou AC (2014-2017) avant de rejoindre le club belge de Courtrai.<\/p>\n<p>En s\u00e9lection nationale, le lat\u00e9ral droit est devenu l&rsquo;un des hommes forts de l&rsquo;\u00e9quipe et sur lequel comptera le s\u00e9lectionneur national, Djamel Belmadi, lors de la CAN-2019 en Egypte.<\/p>\n<\/div>\n<p><img loading=\"lazy\" decoding=\"async\" src=\"http:\/\/feeds.feedburner.com\/~r\/aps-sport\/~4\/IMvNirghZP4\" height=\"1\" width=\"1\" alt=\"\"><\/div>\n<p>Auteur:<br \/>\n<a href=\"http:\/\/www.aps.dz\/sport\/89019-transfert-nice-youcef-atal-n-est-pas-a-vendre-vieira?utm_source=feedburner&#038;utm_medium=feed&#038;utm_campaign=Feed%3A+aps-sport+%28APS+-+SPORT%29\">Cliquez ici pour lire l&rsquo;article depuis sa source.<\/a><\/p>\n","protected":false},"excerpt":{"rendered":"<p>PARIS &#8211; L&rsquo;entra\u00eeneur de l&rsquo;OGC Nice (Ligue 1), Patrick Vieira, a d\u00e9clar\u00e9 que le lat\u00e9ral alg\u00e9rien Youcef Atal, auteur d&rsquo;un tripl\u00e9 le week-end dernier contre Guingamp (3-0), n&rsquo;\u00e9tait pas \u00e0 vendre, mentionnant qu&rsquo;il fait partie des \u00ab\u00a0tr\u00e8s bons joueurs\u00a0\u00bb du championnat fran\u00e7ais de football. Interrog\u00e9 sur la possibilit\u00e9 de voir Atal (22 ans) \u00e9voluer dans [&hellip;]<\/p>\n","protected":false},"author":1790,"featured_media":0,"comment_status":"closed","ping_status":"closed","sticky":false,"template":"","format":"standard","meta":{"fifu_image_url":"","fifu_image_alt":"","footnotes":""},"categories":[53,75],"tags":[],"class_list":["post-31923","post","type-post","status-publish","format-standard","hentry","category-algerie","category-sport"],"_links":{"self":[{"href":"https:\/\/linitiative.ca\/International\/wp-json\/wp\/v2\/posts\/31923","targetHints":{"allow":["GET"]}}],"collection":[{"href":"https:\/\/linitiative.ca\/International\/wp-json\/wp\/v2\/posts"}],"about":[{"href":"https:\/\/linitiative.ca\/International\/wp-json\/wp\/v2\/types\/post"}],"author":[{"embeddable":true,"href":"https:\/\/linitiative.ca\/International\/wp-json\/wp\/v2\/users\/1790"}],"replies":[{"embeddable":true,"href":"https:\/\/linitiative.ca\/International\/wp-json\/wp\/v2\/comments?post=31923"}],"version-history":[{"count":0,"href":"https:\/\/linitiative.ca\/International\/wp-json\/wp\/v2\/posts\/31923\/revisions"}],"wp:attachment":[{"href":"https:\/\/linitiative.ca\/International\/wp-json\/wp\/v2\/media?parent=31923"}],"wp:term":[{"taxonomy":"category","embeddable":true,"href":"https:\/\/linitiative.ca\/International\/wp-json\/wp\/v2\/categories?post=31923"},{"taxonomy":"post_tag","embeddable":true,"href":"https:\/\/linitiative.ca\/International\/wp-json\/wp\/v2\/tags?post=31923"}],"curies":[{"name":"wp","href":"https:\/\/api.w.org\/{rel}","templated":true}]}}