{"id":31924,"date":"2019-05-03T14:36:03","date_gmt":"2019-05-03T18:36:03","guid":{"rendered":"https:\/\/linitiative.ca\/International\/89020-foot-mehdi-zeffane-j-ai-toujours-eu-la-can-a-l-esprit\/"},"modified":"2019-05-03T14:36:03","modified_gmt":"2019-05-03T18:36:03","slug":"89020-foot-mehdi-zeffane-j-ai-toujours-eu-la-can-a-l-esprit","status":"publish","type":"post","link":"https:\/\/linitiative.ca\/International\/89020-foot-mehdi-zeffane-j-ai-toujours-eu-la-can-a-l-esprit\/","title":{"rendered":"Foot\/Mehdi Zeffane : \u00ab\u00a0J&rsquo;ai toujours eu la CAN \u00e0 l&rsquo;esprit\u00a0\u00bb"},"content":{"rendered":"<div>\n<div class=\"K2FeedIntroText\">\n<p><strong>PARIS &#8211; L&rsquo;international alg\u00e9rien Mehdi Zeffane, \u00e9voluant au Stade rennais (Ligue 1), vainqueur de la Coupe de France contre le Paris Saint-Germain, a indiqu\u00e9 vendredi qu&rsquo;il a \u00ab\u00a0toujours eu la CAN \u00e0 l&rsquo;esprit\u00a0\u00bb, esp\u00e9rant de faire partie de l&rsquo;aventure africaine qui aura lieu en Egypte.<\/strong><\/p>\n<\/div>\n<div class=\"K2FeedFullText\">\n<p>\u00ab\u00a0( ) c&rsquo;est quelque chose de fort. J&rsquo;ai particip\u00e9 \u00e0 celle de 2015 avec Christian Gourcuff. J&rsquo;esp\u00e8re vraiment faire partie de cette aventure. Cette saison, j&rsquo;ai toujours eu la CAN \u00e0 l&rsquo;esprit, j&rsquo;ai donc essay\u00e9 d&rsquo;\u00eatre le plus performant avec mon club\u00a0\u00bb, a d\u00e9clar\u00e9 cet arri\u00e8re lat\u00e9ral (27 ans) dans une interview \u00e0 France Football.<\/p>\n<p>\u00ab\u00a0On a une \u00e9quipe de qualit\u00e9, et on a vraiment un coup \u00e0 jouer en Egypte. Il ne faut pas oublier qu&rsquo;il est tr\u00e8s difficile de jouer en Afrique, mais on est pr\u00e9venu. Dans les t\u00eates, il faut \u00eatre pr\u00eat\u00a0\u00bb, a ajout\u00e9 le d\u00e9fenseur rennais qui a retrouv\u00e9 des belles sensations cette saison, apr\u00e8s un passage difficile lors sous l&rsquo;\u00e8re de Sabri Lamouchi.<\/p>\n<p>L&rsquo;ancien joueur de l&rsquo;Olympique de Lyon a manifest\u00e9 son envie de \u00ab\u00a0vivre des saisons pleines dans la peau d&rsquo;un titulaire\u00a0\u00bb, annon\u00e7ant par ailleurs \u00eatre \u00ab\u00a0plus ax\u00e9\u00a0\u00bb sur le projet de partir \u00e0 l&rsquo;\u00e9tranger.<\/p>\n<p>\u00ab\u00a0Pour le plaisir de jouer ailleurs, d\u00e9j\u00e0, mais aussi en tant qu&rsquo;homme pour d\u00e9couvrir une autre culture, une autre langue&#8230; En France, j&rsquo;ai connu Lyon et Rennes, deux tr\u00e8s bons clubs de L1. Je pense avoir fait le tour, \u00e0 26 ans, je suis tent\u00e9 par l&rsquo;\u00e9tranger\u00a0\u00bb, a-t-il expliqu\u00e9.<\/p>\n<\/div>\n<p><img loading=\"lazy\" decoding=\"async\" src=\"http:\/\/feeds.feedburner.com\/~r\/aps-sport\/~4\/S_hc208646s\" height=\"1\" width=\"1\" alt=\"\"><\/div>\n<p>Auteur:<br \/>\n<a href=\"http:\/\/www.aps.dz\/sport\/89020-foot-mehdi-zeffane-j-ai-toujours-eu-la-can-a-l-esprit?utm_source=feedburner&#038;utm_medium=feed&#038;utm_campaign=Feed%3A+aps-sport+%28APS+-+SPORT%29\">Cliquez ici pour lire l&rsquo;article depuis sa source.<\/a><\/p>\n","protected":false},"excerpt":{"rendered":"<p>PARIS &#8211; L&rsquo;international alg\u00e9rien Mehdi Zeffane, \u00e9voluant au Stade rennais (Ligue 1), vainqueur de la Coupe de France contre le Paris Saint-Germain, a indiqu\u00e9 vendredi qu&rsquo;il a \u00ab\u00a0toujours eu la CAN \u00e0 l&rsquo;esprit\u00a0\u00bb, esp\u00e9rant de faire partie de l&rsquo;aventure africaine qui aura lieu en Egypte. \u00ab\u00a0( ) c&rsquo;est quelque chose de fort. J&rsquo;ai particip\u00e9 \u00e0 [&hellip;]<\/p>\n","protected":false},"author":1790,"featured_media":0,"comment_status":"closed","ping_status":"closed","sticky":false,"template":"","format":"standard","meta":{"fifu_image_url":"","fifu_image_alt":"","footnotes":""},"categories":[53,75],"tags":[],"class_list":["post-31924","post","type-post","status-publish","format-standard","hentry","category-algerie","category-sport"],"_links":{"self":[{"href":"https:\/\/linitiative.ca\/International\/wp-json\/wp\/v2\/posts\/31924","targetHints":{"allow":["GET"]}}],"collection":[{"href":"https:\/\/linitiative.ca\/International\/wp-json\/wp\/v2\/posts"}],"about":[{"href":"https:\/\/linitiative.ca\/International\/wp-json\/wp\/v2\/types\/post"}],"author":[{"embeddable":true,"href":"https:\/\/linitiative.ca\/International\/wp-json\/wp\/v2\/users\/1790"}],"replies":[{"embeddable":true,"href":"https:\/\/linitiative.ca\/International\/wp-json\/wp\/v2\/comments?post=31924"}],"version-history":[{"count":0,"href":"https:\/\/linitiative.ca\/International\/wp-json\/wp\/v2\/posts\/31924\/revisions"}],"wp:attachment":[{"href":"https:\/\/linitiative.ca\/International\/wp-json\/wp\/v2\/media?parent=31924"}],"wp:term":[{"taxonomy":"category","embeddable":true,"href":"https:\/\/linitiative.ca\/International\/wp-json\/wp\/v2\/categories?post=31924"},{"taxonomy":"post_tag","embeddable":true,"href":"https:\/\/linitiative.ca\/International\/wp-json\/wp\/v2\/tags?post=31924"}],"curies":[{"name":"wp","href":"https:\/\/api.w.org\/{rel}","templated":true}]}}