{"id":31927,"date":"2019-05-03T13:44:00","date_gmt":"2019-05-03T17:44:00","guid":{"rendered":"https:\/\/linitiative.ca\/International\/bechar-les-travailleurs-de-la-tda-demandent-le-depart-du-directeur\/"},"modified":"2019-05-03T13:44:00","modified_gmt":"2019-05-03T17:44:00","slug":"bechar-les-travailleurs-de-la-tda-demandent-le-depart-du-directeur","status":"publish","type":"post","link":"https:\/\/linitiative.ca\/International\/bechar-les-travailleurs-de-la-tda-demandent-le-depart-du-directeur\/","title":{"rendered":"BECHAR : Les travailleurs de la TDA  demandent le d\u00e9part du Directeur"},"content":{"rendered":"<p><br id=\"sep_para_1\" class=\"sep_para access\"\/><\/p>\n<div id=\"para_1\" class=\"para_30737973 resize\">\n<div class=\"texte access firstletter\">Les travailleurs de la direction r\u00e9gionale de l\u2019entreprise de la t\u00e9l\u00e9diffusion alg\u00e9rienne, TDA, de B\u00e9char ont mis \u00e0 profit la c\u00e9l\u00e9bration du 1er mai pour demander le d\u00e9part du directeur r\u00e9gional qu\u2019ils accuseront de mauvaise gestion. Ils se sont amass\u00e9s devant le si\u00e8ge de l\u2019entreprise pour crier haut et fort \u00ab Nous ne nous portons pas bien, le jour de la f\u00eate des travailleurs \u00bb. Ils exhorteront le ministre de tutelle et le directeur g\u00e9n\u00e9ral de la TDA \u00e0 mettre fin \u00e0 la mauvaise gestion que vit l\u2019entreprise depuis l\u2019installation de ce directeur r\u00e9gional \u00e0 sa t\u00eate. Une r\u00e9alit\u00e9 am\u00e8re, ajouteront-ils, qui fait trainer cette entreprise au dernier rang \u00e0 l\u2019\u00e9chelle nationale. Ils signaleront que la perte de confiance totale entre le personnel et la direction r\u00e9gionale aura des cons\u00e9quences tr\u00e8s graves sur le bon fonctionnement de cette entreprise publique.\u00a0\u00a0\u00a0<\/div>\n<\/div>\n<p>Auteur: A. Messaoud<br \/>\n<a href=\"https:\/\/www.reflexiondz.net\/BECHAR-Les-travailleurs-de-la-TDA-demandent-le-depart-du-Directeur_a55663.html\">Cliquez ici pour lire l&rsquo;article depuis sa source.<\/a><\/p>\n","protected":false},"excerpt":{"rendered":"<p>Les travailleurs de la direction r\u00e9gionale de l\u2019entreprise de la t\u00e9l\u00e9diffusion alg\u00e9rienne, TDA, de B\u00e9char ont mis \u00e0 profit la c\u00e9l\u00e9bration du 1er mai pour demander le d\u00e9part du directeur r\u00e9gional qu\u2019ils accuseront de mauvaise gestion. Ils se sont amass\u00e9s devant le si\u00e8ge de l\u2019entreprise pour crier haut et fort \u00ab Nous ne nous portons [&hellip;]<\/p>\n","protected":false},"author":1740,"featured_media":0,"comment_status":"closed","ping_status":"closed","sticky":false,"template":"","format":"standard","meta":{"fifu_image_url":"","fifu_image_alt":"","footnotes":""},"categories":[53,76],"tags":[],"class_list":["post-31927","post","type-post","status-publish","format-standard","hentry","category-algerie","category-regions"],"_links":{"self":[{"href":"https:\/\/linitiative.ca\/International\/wp-json\/wp\/v2\/posts\/31927","targetHints":{"allow":["GET"]}}],"collection":[{"href":"https:\/\/linitiative.ca\/International\/wp-json\/wp\/v2\/posts"}],"about":[{"href":"https:\/\/linitiative.ca\/International\/wp-json\/wp\/v2\/types\/post"}],"author":[{"embeddable":true,"href":"https:\/\/linitiative.ca\/International\/wp-json\/wp\/v2\/users\/1740"}],"replies":[{"embeddable":true,"href":"https:\/\/linitiative.ca\/International\/wp-json\/wp\/v2\/comments?post=31927"}],"version-history":[{"count":0,"href":"https:\/\/linitiative.ca\/International\/wp-json\/wp\/v2\/posts\/31927\/revisions"}],"wp:attachment":[{"href":"https:\/\/linitiative.ca\/International\/wp-json\/wp\/v2\/media?parent=31927"}],"wp:term":[{"taxonomy":"category","embeddable":true,"href":"https:\/\/linitiative.ca\/International\/wp-json\/wp\/v2\/categories?post=31927"},{"taxonomy":"post_tag","embeddable":true,"href":"https:\/\/linitiative.ca\/International\/wp-json\/wp\/v2\/tags?post=31927"}],"curies":[{"name":"wp","href":"https:\/\/api.w.org\/{rel}","templated":true}]}}