{"id":31928,"date":"2019-05-03T13:44:00","date_gmt":"2019-05-03T17:44:00","guid":{"rendered":"https:\/\/linitiative.ca\/International\/celebration-de-la-journee-mondiale-de-la-presse-le-wali-honore-les-journalistes\/"},"modified":"2019-05-03T13:44:00","modified_gmt":"2019-05-03T17:44:00","slug":"celebration-de-la-journee-mondiale-de-la-presse-le-wali-honore-les-journalistes","status":"publish","type":"post","link":"https:\/\/linitiative.ca\/International\/celebration-de-la-journee-mondiale-de-la-presse-le-wali-honore-les-journalistes\/","title":{"rendered":"CELEBRATION DE LA JOURNEE MONDIALE DE LA PRESSE : Le wali honore  les journalistes"},"content":{"rendered":"<p><br id=\"sep_para_1\" class=\"sep_para access\"\/><\/p>\n<div id=\"para_1\" class=\"para_30737988 resize\">\n<div class=\"texte access firstletter\">En cette journ\u00e9e si particuli\u00e8re pour la corporation des journalistes, d\u00e9di\u00e9e \u00e0\u00a0 la presse et la libert\u00e9 d\u2019expression tous les 03 Mai, le wali de Mostaganem, M.Rabehi Mohamed Abdenour a pr\u00e9sid\u00e9\u00a0 jeudi 02 Mai, une c\u00e9r\u00e9monie\u00a0 \u00e0 l\u2019honneur des journalistes, en pr\u00e9sence\u00a0 du pr\u00e9sident de l\u2019assembl\u00e9e populaire de la wilaya, des autorit\u00e9s locales et militaires. Cet heureux \u00e9v\u00e9nement\u00a0 s\u2019est distingu\u00e9 par la remise de cadeaux symboliques\u00a0 aux journalistes, activant \u00e0 travers la wilaya de Mostaganem. Saisissant l\u2019occasion, le wali a salu\u00e9 vivement les efforts\u00a0 d\u00e9ploy\u00e9s\u00a0 par les\u00a0 journalistes, en vue d\u2019\u00e9clairer objectivement\u00a0 l\u2019opinion publique et rapporter \u00e0 travers leurs \u00e9crits les besoins exprim\u00e9s par les citoyens. Une minute de silence a \u00e9t\u00e9 observ\u00e9 en hommage aux journalistes disparus, dont\u00a0 M.Amara Mohamed, et Beghil Madani, d\u00e9c\u00e9d\u00e9s derni\u00e8rement suite \u00e0 de longues maladies. Les deux familles des d\u00e9funts ont \u00e9t\u00e9 \u00e9galement honor\u00e9es. Rappelons au titre de cette journ\u00e9e, que le th\u00e8me retenu pour 2019 a \u00e9t\u00e9 \u2018\u2019 les medias pour la d\u00e9mocratie, journalisme et \u00e9lections en temps de d\u00e9sinformation\u2019\u2019. Notons \u00e9galement que le 3 mai a \u00e9t\u00e9 proclam\u00e9e Journ\u00e9e mondiale de la libert\u00e9 de la presse par l\u2019Assembl\u00e9e g\u00e9n\u00e9rale des Nations Unies en 1993, suivant la recommandation adopt\u00e9e lors de la vingt-sixi\u00e8me session de la Conf\u00e9rence g\u00e9n\u00e9rale de l\u2019UNESCO en 1991. Ce fut \u00e9galement une r\u00e9ponse \u00e0 l\u2019appel de journalistes africains qui, en 1991, ont proclam\u00e9 la D\u00e9claration de Windhoek sur le pluralisme et l\u2019ind\u00e9pendance des m\u00e9dias. L\u2019UNESCO a au coeur de son mandat la libert\u00e9 de la presse ainsi que la libert\u00e9 d&rsquo;expression. L&rsquo;UNESCO pense que ces libert\u00e9s permettent une compr\u00e9hension mutuelle pour construire une paix durable. La Journ\u00e9e permet d\u2019informer les citoyens sur les atteintes port\u00e9es \u00e0 la libert\u00e9 de la presse. Dans des dizaines de pays \u00e0 travers le monde, des publications sont censur\u00e9es, condamn\u00e9es, suspendues ou tout simplement n\u2019ont plus le droit de para\u00eetre, alors que des journalistes, des r\u00e9dacteurs en chef et des \u00e9diteurs sont harcel\u00e9s, attaqu\u00e9s, d\u00e9tenus ou m\u00eame tu\u00e9s. A la faveur de cette date, nous pouvons encourager et d\u00e9velopper des initiatives en faveur de la libert\u00e9 de la presse mais \u00e9galement \u00e9valuer l\u2019\u00e9tat de la libert\u00e9 de la presse \u00e0 travers le monde. La date du 3 mai sert aussi de rappel aux gouvernements sur la n\u00e9cessit\u00e9 de respecter leurs engagements en faveur de la libert\u00e9 de la presse, de moment de r\u00e9flexion pour les m\u00e9dias professionnels sur les questions relatives \u00e0 la libert\u00e9 de la presse et \u00e0 la d\u00e9ontologie. Tout aussi important, la Journ\u00e9e mondiale de la libert\u00e9 de la presse est un jour de soutien aux m\u00e9dias qui sont des cibles pour la restriction ou l&rsquo;abolition de la libert\u00e9 de la presse. C\u2019est \u00e9galement une journ\u00e9e du souvenir pour les journalistes qui ont perdu leur vie dans l\u2019exercice de leur profession<\/div>\n<\/div>\n<p>Auteur: Belayachi Naboussi<br \/>\n<a href=\"https:\/\/www.reflexiondz.net\/CELEBRATION-DE-LA-JOURNEE-MONDIALE-DE-LA-PRESSE-Le-wali-honore-les-journalistes_a55666.html\">Cliquez ici pour lire l&rsquo;article depuis sa source.<\/a><\/p>\n","protected":false},"excerpt":{"rendered":"<p>En cette journ\u00e9e si particuli\u00e8re pour la corporation des journalistes, d\u00e9di\u00e9e \u00e0\u00a0 la presse et la libert\u00e9 d\u2019expression tous les 03 Mai, le wali de Mostaganem, M.Rabehi Mohamed Abdenour a pr\u00e9sid\u00e9\u00a0 jeudi 02 Mai, une c\u00e9r\u00e9monie\u00a0 \u00e0 l\u2019honneur des journalistes, en pr\u00e9sence\u00a0 du pr\u00e9sident de l\u2019assembl\u00e9e populaire de la wilaya, des autorit\u00e9s locales et militaires. [&hellip;]<\/p>\n","protected":false},"author":1740,"featured_media":0,"comment_status":"closed","ping_status":"closed","sticky":false,"template":"","format":"standard","meta":{"fifu_image_url":"","fifu_image_alt":"","footnotes":""},"categories":[53,76],"tags":[],"class_list":["post-31928","post","type-post","status-publish","format-standard","hentry","category-algerie","category-regions"],"_links":{"self":[{"href":"https:\/\/linitiative.ca\/International\/wp-json\/wp\/v2\/posts\/31928","targetHints":{"allow":["GET"]}}],"collection":[{"href":"https:\/\/linitiative.ca\/International\/wp-json\/wp\/v2\/posts"}],"about":[{"href":"https:\/\/linitiative.ca\/International\/wp-json\/wp\/v2\/types\/post"}],"author":[{"embeddable":true,"href":"https:\/\/linitiative.ca\/International\/wp-json\/wp\/v2\/users\/1740"}],"replies":[{"embeddable":true,"href":"https:\/\/linitiative.ca\/International\/wp-json\/wp\/v2\/comments?post=31928"}],"version-history":[{"count":0,"href":"https:\/\/linitiative.ca\/International\/wp-json\/wp\/v2\/posts\/31928\/revisions"}],"wp:attachment":[{"href":"https:\/\/linitiative.ca\/International\/wp-json\/wp\/v2\/media?parent=31928"}],"wp:term":[{"taxonomy":"category","embeddable":true,"href":"https:\/\/linitiative.ca\/International\/wp-json\/wp\/v2\/categories?post=31928"},{"taxonomy":"post_tag","embeddable":true,"href":"https:\/\/linitiative.ca\/International\/wp-json\/wp\/v2\/tags?post=31928"}],"curies":[{"name":"wp","href":"https:\/\/api.w.org\/{rel}","templated":true}]}}