{"id":31929,"date":"2019-05-03T13:44:00","date_gmt":"2019-05-03T17:44:00","guid":{"rendered":"https:\/\/linitiative.ca\/International\/29-ans-a-la-tete-du-quotidien-omar-belhouchet-quitte-el-watan\/"},"modified":"2019-05-03T13:44:00","modified_gmt":"2019-05-03T17:44:00","slug":"29-ans-a-la-tete-du-quotidien-omar-belhouchet-quitte-el-watan","status":"publish","type":"post","link":"https:\/\/linitiative.ca\/International\/29-ans-a-la-tete-du-quotidien-omar-belhouchet-quitte-el-watan\/","title":{"rendered":"29 ANS A LA TETE DU QUOTIDIEN : Omar Belhouchet quitte El Watan"},"content":{"rendered":"<p><br id=\"sep_para_1\" class=\"sep_para access\"\/><\/p>\n<div id=\"para_1\" class=\"para_30738020 resize\">\n<div class=\"texte access firstletter\">Apr\u00e8s 29 ans \u00e0 la t\u00eate du quotidien francophone alg\u00e9rien le plus c\u00e9l\u00e8bre, Omar Belhouchet, quitte la direction g\u00e9n\u00e9rale du journal El Watan cr\u00e9\u00e9 en 1990. Le conseil d\u2019administration de la SPA El Watan, r\u00e9uni ce jeudi, a valid\u00e9 la d\u00e9mission d\u2019Omar Belhouchet qu\u2019il a d\u00e9pos\u00e9 depuis plus d\u2019une semaine et a \u00e9lu Tayeb Belghiche \u00e0 sa place. Ancien chef du service international d\u2019El Moudjahid, Belghiche prend ses fonctions de premier responsable d\u2019El Watan dans un contexte politique et \u00e9conomique sensible marqu\u00e9 par une crise financi\u00e8re aigu\u00eb et une baisse des recettes publicitaires. La concurrence des m\u00e9dias digitaux et des cha\u00eenes de t\u00e9l\u00e9s priv\u00e9es ont \u00e9galement \u00e9touff\u00e9 financi\u00e8re ce m\u00e9dia classique de la presse \u00e9crite. Cette crise s\u2019est accentu\u00e9e aussi apr\u00e8s le contentieux qui a \u00e9clat\u00e9 entre les pouvoirs publics et la direction du quotidien au sujet du nouveau si\u00e8ge d\u2019El Watan situ\u00e9 \u00e0 Ruisseau et dont la r\u00e9glementation urbanistique n\u2019a pas \u00e9t\u00e9 respect\u00e9e. Les journalistes d\u2019EL Watan ont \u00e9t\u00e9 emp\u00each\u00e9s par la force publique d\u2019y acc\u00e9der.\u00a0\u00a0 Cette crise a eu un impact sur les salaires des journalistes dont une dizaine a d\u00e9missionn\u00e9 pour rejoindre quelques journaux \u00e9lectroniques, devenus plus pr\u00e9sents sur la sc\u00e8ne m\u00e9diatique, c\u2019est le cas de Faycal Metaoui et de Adl\u00e8ne Meddi.\u00a0\u00a0\u00a0<\/div>\n<\/div>\n<p>Auteur: Nadine<br \/>\n<a href=\"https:\/\/www.reflexiondz.net\/29-ANS-A-LA-TETE-DU-QUOTIDIEN-Omar-Belhouchet-quitte-El-Watan_a55675.html\">Cliquez ici pour lire l&rsquo;article depuis sa source.<\/a><\/p>\n","protected":false},"excerpt":{"rendered":"<p>Apr\u00e8s 29 ans \u00e0 la t\u00eate du quotidien francophone alg\u00e9rien le plus c\u00e9l\u00e8bre, Omar Belhouchet, quitte la direction g\u00e9n\u00e9rale du journal El Watan cr\u00e9\u00e9 en 1990. Le conseil d\u2019administration de la SPA El Watan, r\u00e9uni ce jeudi, a valid\u00e9 la d\u00e9mission d\u2019Omar Belhouchet qu\u2019il a d\u00e9pos\u00e9 depuis plus d\u2019une semaine et a \u00e9lu Tayeb Belghiche [&hellip;]<\/p>\n","protected":false},"author":1740,"featured_media":0,"comment_status":"closed","ping_status":"closed","sticky":false,"template":"","format":"standard","meta":{"fifu_image_url":"","fifu_image_alt":"","footnotes":""},"categories":[53,76],"tags":[],"class_list":["post-31929","post","type-post","status-publish","format-standard","hentry","category-algerie","category-regions"],"_links":{"self":[{"href":"https:\/\/linitiative.ca\/International\/wp-json\/wp\/v2\/posts\/31929","targetHints":{"allow":["GET"]}}],"collection":[{"href":"https:\/\/linitiative.ca\/International\/wp-json\/wp\/v2\/posts"}],"about":[{"href":"https:\/\/linitiative.ca\/International\/wp-json\/wp\/v2\/types\/post"}],"author":[{"embeddable":true,"href":"https:\/\/linitiative.ca\/International\/wp-json\/wp\/v2\/users\/1740"}],"replies":[{"embeddable":true,"href":"https:\/\/linitiative.ca\/International\/wp-json\/wp\/v2\/comments?post=31929"}],"version-history":[{"count":0,"href":"https:\/\/linitiative.ca\/International\/wp-json\/wp\/v2\/posts\/31929\/revisions"}],"wp:attachment":[{"href":"https:\/\/linitiative.ca\/International\/wp-json\/wp\/v2\/media?parent=31929"}],"wp:term":[{"taxonomy":"category","embeddable":true,"href":"https:\/\/linitiative.ca\/International\/wp-json\/wp\/v2\/categories?post=31929"},{"taxonomy":"post_tag","embeddable":true,"href":"https:\/\/linitiative.ca\/International\/wp-json\/wp\/v2\/tags?post=31929"}],"curies":[{"name":"wp","href":"https:\/\/api.w.org\/{rel}","templated":true}]}}