{"id":31931,"date":"2019-05-03T13:49:00","date_gmt":"2019-05-03T17:49:00","guid":{"rendered":"https:\/\/linitiative.ca\/International\/le-portrait-de-bensalah-remplace-celui-de-bouteflika\/"},"modified":"2019-05-03T13:49:00","modified_gmt":"2019-05-03T17:49:00","slug":"le-portrait-de-bensalah-remplace-celui-de-bouteflika","status":"publish","type":"post","link":"https:\/\/linitiative.ca\/International\/le-portrait-de-bensalah-remplace-celui-de-bouteflika\/","title":{"rendered":"Le portrait de Bensalah  remplace celui de Bouteflika"},"content":{"rendered":"<p><br id=\"sep_para_1\" class=\"sep_para access\"\/><\/p>\n<div id=\"para_1\" class=\"para_30738044 resize\">\n<div class=\"texte access firstletter\">D\u00e9sormais, c\u2019est le portrait du chef de l\u2019Etat, Abdelkader Bensalah qui est accroch\u00e9 dans les bureaux et salles de r\u00e9union des administrations publiques et institutions de l\u2019Etat. Le portrait de l\u2019ancien pr\u00e9sident de la R\u00e9publique, Abdelaziz Bouteflika a \u00e9t\u00e9 mis au placard et c\u2019est du coup l\u2019\u00e8re Bouteflika qui est termin\u00e9e. Le portrait de Bouteflika a \u00e9t\u00e9 \u00f4t\u00e9 le 28 avril, date \u00e0 laquelle son mandat (2014-2019) avait officiellement pris fin. Bensalah a \u00e9t\u00e9 d\u00e9sign\u00e9 chef de l\u2019Etat par int\u00e9rim pour une p\u00e9riode de trois mois avec la mission de pr\u00e9parer l\u2019\u00e9lection pr\u00e9sidentielle. Cela intervient au moment o\u00f9 une des principales revendications des Alg\u00e9riens qui participent \u00e0 des marches pacifiques depuis le 22 f\u00e9vrier dernier.<\/div>\n<\/div>\n<p>Auteur: R\u00e9flexion<br \/>\n<a href=\"https:\/\/www.reflexiondz.net\/Le-portrait-de-Bensalah-remplace-celui-de-Bouteflika_a55681.html\">Cliquez ici pour lire l&rsquo;article depuis sa source.<\/a><\/p>\n","protected":false},"excerpt":{"rendered":"<p>D\u00e9sormais, c\u2019est le portrait du chef de l\u2019Etat, Abdelkader Bensalah qui est accroch\u00e9 dans les bureaux et salles de r\u00e9union des administrations publiques et institutions de l\u2019Etat. Le portrait de l\u2019ancien pr\u00e9sident de la R\u00e9publique, Abdelaziz Bouteflika a \u00e9t\u00e9 mis au placard et c\u2019est du coup l\u2019\u00e8re Bouteflika qui est termin\u00e9e. Le portrait de Bouteflika [&hellip;]<\/p>\n","protected":false},"author":1740,"featured_media":0,"comment_status":"closed","ping_status":"closed","sticky":false,"template":"","format":"standard","meta":{"fifu_image_url":"","fifu_image_alt":"","footnotes":""},"categories":[53,76],"tags":[],"class_list":["post-31931","post","type-post","status-publish","format-standard","hentry","category-algerie","category-regions"],"_links":{"self":[{"href":"https:\/\/linitiative.ca\/International\/wp-json\/wp\/v2\/posts\/31931","targetHints":{"allow":["GET"]}}],"collection":[{"href":"https:\/\/linitiative.ca\/International\/wp-json\/wp\/v2\/posts"}],"about":[{"href":"https:\/\/linitiative.ca\/International\/wp-json\/wp\/v2\/types\/post"}],"author":[{"embeddable":true,"href":"https:\/\/linitiative.ca\/International\/wp-json\/wp\/v2\/users\/1740"}],"replies":[{"embeddable":true,"href":"https:\/\/linitiative.ca\/International\/wp-json\/wp\/v2\/comments?post=31931"}],"version-history":[{"count":0,"href":"https:\/\/linitiative.ca\/International\/wp-json\/wp\/v2\/posts\/31931\/revisions"}],"wp:attachment":[{"href":"https:\/\/linitiative.ca\/International\/wp-json\/wp\/v2\/media?parent=31931"}],"wp:term":[{"taxonomy":"category","embeddable":true,"href":"https:\/\/linitiative.ca\/International\/wp-json\/wp\/v2\/categories?post=31931"},{"taxonomy":"post_tag","embeddable":true,"href":"https:\/\/linitiative.ca\/International\/wp-json\/wp\/v2\/tags?post=31931"}],"curies":[{"name":"wp","href":"https:\/\/api.w.org\/{rel}","templated":true}]}}