{"id":31932,"date":"2019-05-03T13:49:00","date_gmt":"2019-05-03T17:49:00","guid":{"rendered":"https:\/\/linitiative.ca\/International\/ministere-de-la-sante-des-mesures-urgentes-pour-palier-la-penurie-de-medicaments\/"},"modified":"2019-05-03T13:49:00","modified_gmt":"2019-05-03T17:49:00","slug":"ministere-de-la-sante-des-mesures-urgentes-pour-palier-la-penurie-de-medicaments","status":"publish","type":"post","link":"https:\/\/linitiative.ca\/International\/ministere-de-la-sante-des-mesures-urgentes-pour-palier-la-penurie-de-medicaments\/","title":{"rendered":"MINISTERE DE LA SANTE  : Des mesures urgentes pour palier la p\u00e9nurie de m\u00e9dicaments"},"content":{"rendered":"<p><br id=\"sep_para_1\" class=\"sep_para access\"\/><\/p>\n<div id=\"para_1\" class=\"para_30738025 resize\">\n<div class=\"texte access firstletter\">Le Directeur g\u00e9n\u00e9ral de la Pharmacie et des \u00e9quipements m\u00e9dicaux au minist\u00e8re de la Sant\u00e9, de la population et de la r\u00e9forme hospitali\u00e8re, Djaoued Bourkaib, a annonc\u00e9, ce jeudi \u00e0 Alger, que \u00ab\u00a0des mesures urgentes\u00a0\u00bb ont \u00e9t\u00e9 prises pour palier la p\u00e9nurie de m\u00e9dicaments, notamment ceux destin\u00e9s aux\u00a0 maladies chroniques. \u00ab\u00a0Suite \u00e0 plusieurs rencontres avec les diff\u00e9rents partenaires, industriels, pharmaciens, importateurs et distributeurs, le Minist\u00e8re a pris des mesures urgentes pour palier la p\u00e9nurie des m\u00e9dicaments, notamment ceux destin\u00e9s aux malades chroniques, a pr\u00e9cis\u00e9 M. Bourkaib, lors d&rsquo;une conf\u00e9rence de presse anim\u00e9e avec les membres de la commission des cellules de veille pour la gestion des m\u00e9dicaments. Parmi ces mesures, le repr\u00e9sentant du Minist\u00e8re a cit\u00e9 le recours \u00e0 l&rsquo;importation compl\u00e9mentaire de ces m\u00e9dicaments, qu&rsquo;il a qualifi\u00e9s de \u00ab\u00a0vitaux\u00a0\u00bb, en cas de non respect des engagements par les producteurs. Un d\u00e9lai de 03 mois est accord\u00e9 aux producteurs pour assurer la disponibilit\u00e9 de ces m\u00e9dicaments vitaux, et s&rsquo;ils ne parviennent pas \u00e0 le faire, le minist\u00e8re aura recours \u00e0 un programme d&rsquo;importation compl\u00e9mentaire et prendra des mesures coercitives \u00e0 l&rsquo;encontre des d\u00e9faillants, a-t-il fait savoir. Il a fait \u00e9tat \u00e9galement de la consolidation du contr\u00f4le, en coordination avec le minist\u00e8re du Commerce, de toute la chaine nationale de production de m\u00e9dicaments ainsi que des transactions commerciales y aff\u00e9rentes, \u00e9voquant des agissements qu&rsquo;il a qualifi\u00e9s \u00ab\u00a0d&rsquo;ill\u00e9gaux\u00a0\u00bb, sans donner plus de pr\u00e9cisions.\u00a0<\/div>\n<\/div>\n<p>Auteur: Nadine<br \/>\n<a href=\"https:\/\/www.reflexiondz.net\/MINISTERE-DE-LA-SANTE-Des-mesures-urgentes-pour-palier-la-penurie-de-medicaments_a55678.html\">Cliquez ici pour lire l&rsquo;article depuis sa source.<\/a><\/p>\n","protected":false},"excerpt":{"rendered":"<p>Le Directeur g\u00e9n\u00e9ral de la Pharmacie et des \u00e9quipements m\u00e9dicaux au minist\u00e8re de la Sant\u00e9, de la population et de la r\u00e9forme hospitali\u00e8re, Djaoued Bourkaib, a annonc\u00e9, ce jeudi \u00e0 Alger, que \u00ab\u00a0des mesures urgentes\u00a0\u00bb ont \u00e9t\u00e9 prises pour palier la p\u00e9nurie de m\u00e9dicaments, notamment ceux destin\u00e9s aux\u00a0 maladies chroniques. \u00ab\u00a0Suite \u00e0 plusieurs rencontres avec [&hellip;]<\/p>\n","protected":false},"author":1740,"featured_media":0,"comment_status":"closed","ping_status":"closed","sticky":false,"template":"","format":"standard","meta":{"fifu_image_url":"","fifu_image_alt":"","footnotes":""},"categories":[53,76],"tags":[],"class_list":["post-31932","post","type-post","status-publish","format-standard","hentry","category-algerie","category-regions"],"_links":{"self":[{"href":"https:\/\/linitiative.ca\/International\/wp-json\/wp\/v2\/posts\/31932","targetHints":{"allow":["GET"]}}],"collection":[{"href":"https:\/\/linitiative.ca\/International\/wp-json\/wp\/v2\/posts"}],"about":[{"href":"https:\/\/linitiative.ca\/International\/wp-json\/wp\/v2\/types\/post"}],"author":[{"embeddable":true,"href":"https:\/\/linitiative.ca\/International\/wp-json\/wp\/v2\/users\/1740"}],"replies":[{"embeddable":true,"href":"https:\/\/linitiative.ca\/International\/wp-json\/wp\/v2\/comments?post=31932"}],"version-history":[{"count":0,"href":"https:\/\/linitiative.ca\/International\/wp-json\/wp\/v2\/posts\/31932\/revisions"}],"wp:attachment":[{"href":"https:\/\/linitiative.ca\/International\/wp-json\/wp\/v2\/media?parent=31932"}],"wp:term":[{"taxonomy":"category","embeddable":true,"href":"https:\/\/linitiative.ca\/International\/wp-json\/wp\/v2\/categories?post=31932"},{"taxonomy":"post_tag","embeddable":true,"href":"https:\/\/linitiative.ca\/International\/wp-json\/wp\/v2\/tags?post=31932"}],"curies":[{"name":"wp","href":"https:\/\/api.w.org\/{rel}","templated":true}]}}