{"id":31934,"date":"2019-05-03T13:51:00","date_gmt":"2019-05-03T17:51:00","guid":{"rendered":"https:\/\/linitiative.ca\/International\/larabie-saoudite-offre-lasile-a-bouteflika\/"},"modified":"2019-05-03T13:51:00","modified_gmt":"2019-05-03T17:51:00","slug":"larabie-saoudite-offre-lasile-a-bouteflika","status":"publish","type":"post","link":"https:\/\/linitiative.ca\/International\/larabie-saoudite-offre-lasile-a-bouteflika\/","title":{"rendered":"L\u2019Arabie Saoudite offre l\u2019asile \u00e0 Bouteflika"},"content":{"rendered":"<p><br id=\"sep_para_1\" class=\"sep_para access\"\/><\/p>\n<div id=\"para_1\" class=\"para_30738043 resize\">\n<div class=\"texte access firstletter\">Le site pro-qatari Al-Khaleej Al-Jadeed a r\u00e9v\u00e9l\u00e9 que des consultations seraient actuellement men\u00e9es \u00e0 \u00abun haut niveau\u00bb pour accueillir \u00e9ventuellement Abdelaziz Bouteflika et Omar El-Bechir dans une des monarchies du Golfe. La source ne pr\u00e9cise pas le pays mais voit bien l\u2019Arabie Saoudite dans ce r\u00f4le, en rappelant que Riyad avait d\u00e9j\u00e0, par le pass\u00e9, assur\u00e9 l\u2019asile \u00e0 d\u2019autres chef d\u2019Etat d\u00e9chus, \u00e0 l\u2019image du Tunisien Zine El-Abidine Benali, le Y\u00e9m\u00e9nite Ali Abdallah Salah. La source explique que la raison de sant\u00e9 peut \u00eatre invoqu\u00e9e pour le cas de Bouteflika et El-Bechir pour justifier une demande d\u2019asile dans un de ces pays d\u2019accueil. Somm\u00e9 d\u2019\u00e9vacuer, lui et ses fr\u00e8res, la r\u00e9sidence pr\u00e9sidentielle de Z\u00e9ralda, comme l\u2019ont rapport\u00e9 certaines sources, Abdelaziz Bouteflika est en qu\u00eate d\u2019un \u00abchez soi\u00bb s\u00fbr o\u00f9 il pourra continuer sa vie tranquillement.<\/div>\n<\/div>\n<p>Auteur: R\u00e9flexion<br \/>\n<a href=\"https:\/\/www.reflexiondz.net\/L-Arabie-Saoudite-offre-l-asile-a-Bouteflika_a55680.html\">Cliquez ici pour lire l&rsquo;article depuis sa source.<\/a><\/p>\n","protected":false},"excerpt":{"rendered":"<p>Le site pro-qatari Al-Khaleej Al-Jadeed a r\u00e9v\u00e9l\u00e9 que des consultations seraient actuellement men\u00e9es \u00e0 \u00abun haut niveau\u00bb pour accueillir \u00e9ventuellement Abdelaziz Bouteflika et Omar El-Bechir dans une des monarchies du Golfe. La source ne pr\u00e9cise pas le pays mais voit bien l\u2019Arabie Saoudite dans ce r\u00f4le, en rappelant que Riyad avait d\u00e9j\u00e0, par le pass\u00e9, [&hellip;]<\/p>\n","protected":false},"author":1740,"featured_media":0,"comment_status":"closed","ping_status":"closed","sticky":false,"template":"","format":"standard","meta":{"fifu_image_url":"","fifu_image_alt":"","footnotes":""},"categories":[53,76],"tags":[],"class_list":["post-31934","post","type-post","status-publish","format-standard","hentry","category-algerie","category-regions"],"_links":{"self":[{"href":"https:\/\/linitiative.ca\/International\/wp-json\/wp\/v2\/posts\/31934","targetHints":{"allow":["GET"]}}],"collection":[{"href":"https:\/\/linitiative.ca\/International\/wp-json\/wp\/v2\/posts"}],"about":[{"href":"https:\/\/linitiative.ca\/International\/wp-json\/wp\/v2\/types\/post"}],"author":[{"embeddable":true,"href":"https:\/\/linitiative.ca\/International\/wp-json\/wp\/v2\/users\/1740"}],"replies":[{"embeddable":true,"href":"https:\/\/linitiative.ca\/International\/wp-json\/wp\/v2\/comments?post=31934"}],"version-history":[{"count":0,"href":"https:\/\/linitiative.ca\/International\/wp-json\/wp\/v2\/posts\/31934\/revisions"}],"wp:attachment":[{"href":"https:\/\/linitiative.ca\/International\/wp-json\/wp\/v2\/media?parent=31934"}],"wp:term":[{"taxonomy":"category","embeddable":true,"href":"https:\/\/linitiative.ca\/International\/wp-json\/wp\/v2\/categories?post=31934"},{"taxonomy":"post_tag","embeddable":true,"href":"https:\/\/linitiative.ca\/International\/wp-json\/wp\/v2\/tags?post=31934"}],"curies":[{"name":"wp","href":"https:\/\/api.w.org\/{rel}","templated":true}]}}