{"id":31935,"date":"2019-05-03T13:58:00","date_gmt":"2019-05-03T17:58:00","guid":{"rendered":"https:\/\/linitiative.ca\/International\/telagh-sidi-bel-abbes-le-chef-de-la-daira-encercle-dans-la-mairie\/"},"modified":"2019-05-03T13:58:00","modified_gmt":"2019-05-03T17:58:00","slug":"telagh-sidi-bel-abbes-le-chef-de-la-daira-encercle-dans-la-mairie","status":"publish","type":"post","link":"https:\/\/linitiative.ca\/International\/telagh-sidi-bel-abbes-le-chef-de-la-daira-encercle-dans-la-mairie\/","title":{"rendered":"TELAGH (SIDI BEL ABBES) : Le chef de la Da\u00efra encercl\u00e9 dans la mairie"},"content":{"rendered":"<p><br id=\"sep_para_1\" class=\"sep_para access\"\/><\/p>\n<div id=\"para_1\" class=\"para_30738148 resize\">\n<div class=\"photo shadow left\"><a href=\"javascript:void(0)\" rel=\"https:\/\/www.reflexiondz.net\/photo\/art\/grande\/33305340-30738148.jpg?v=1556907606&#038;ibox\" title=\"TELAGH (SIDI BEL ABBES) : Le chef de la Da\u00efra encercl\u00e9 dans la mairie\"><img decoding=\"async\" class=\"responsive c9\" src=\"https:\/\/www.reflexiondz.net\/photo\/art\/grande\/33305340-30738148.jpg?v=1556907606\" alt=\"TELAGH (SIDI BEL ABBES) : Le chef de la Da\u00efra encercl\u00e9 dans la mairie\" title=\"TELAGH (SIDI BEL ABBES) : Le chef de la Da\u00efra encercl\u00e9 dans la mairie\"\/><img decoding=\"async\" class=\"not-responsive\" src=\"https:\/\/www.reflexiondz.net\/photo\/art\/default\/33305340-30738148.jpg?v=1556907608\" alt=\"TELAGH (SIDI BEL ABBES) : Le chef de la Da\u00efra encercl\u00e9 dans la mairie\" title=\"TELAGH (SIDI BEL ABBES) : Le chef de la Da\u00efra encercl\u00e9 dans la mairie\"\/><\/a><\/div>\n<div class=\"texte access firstletter\">\u00a0Dans l&rsquo;apr\u00e8s midi de jeudi dernier, le chef de la da\u00efra de T\u00e9lagh, s\u2019est rendu \u00e0 Dhaya, chef lieu de commune situ\u00e9 sur les monts \u00e9ponymes, pour s&rsquo;enqu\u00e9rir du fonctionnement de la gestion municipale et notamment de l&rsquo;op\u00e9ration de solidarit\u00e9 de Ramadhan, a-t-on appris d&rsquo;une source\u00a0 bien inform\u00e9e. La nuit tomb\u00e9e, le commis de l&rsquo;\u00c9tat ayant pris connaissance du retard du versement par l\u2019APC, des allocations aux n\u00e9cessiteux, a eu la d\u00e9sagr\u00e9able surprise d&rsquo;\u00eatre emp\u00each\u00e9 de sortir du si\u00e8ge de la mairie, par des citoyens du village, apparemment en col\u00e8re, en raison du non -versement des 6000 dinars. Rest\u00e9 bloqu\u00e9 pendant de longs moments, selon notre\u00a0 source. Alert\u00e9s, les \u00e9l\u00e9ments de la compagnie de gendarmerie nationale du chef lieu de Da\u00efra, \u00e0 leur t\u00eate le commandant, ont vite ralli\u00e9 l&rsquo;ancien\u00a0\u00bb Bossuet\u00a0\u00bbet lib\u00e9r\u00e9 le chef de Da\u00efra rest\u00e9 bloqu\u00e9 pendant de longues heures, conclut la m\u00eame source. Pour rappel, le m\u00eame si\u00e8ge de la mairie a \u00e9t\u00e9 ferm\u00e9 dimanche 28 avril 2019, par des habitants m\u00e9contents qui ont r\u00e9clam\u00e9 le d\u00e9part inconditionnel du maire et les 12 membres de l&rsquo;A.P.C.\u00a0\u00a0\u00a0\u00a0\u00a0\u00a0\u00a0\u00a0\u00a0\u00a0\u00a0\u00a0\u00a0\u00a0\u00a0\u00a0\u00a0\u00a0\u00a0\u00a0\u00a0\u00a0\u00a0\u00a0\u00a0\u00a0\u00a0\u00a0\u00a0\u00a0\u00a0\u00a0\u00a0\u00a0\u00a0\u00a0\u00a0\u00a0\u00a0\u00a0\u00a0\u00a0\u00a0\u00a0\u00a0\u00a0<\/div>\n<\/div>\n<p>Auteur: M.Noui<br \/>\n<a href=\"https:\/\/www.reflexiondz.net\/TELAGH-SIDI-BEL-ABBES-Le-chef-de-la-Daira-encercle-dans-la-mairie_a55682.html\">Cliquez ici pour lire l&rsquo;article depuis sa source.<\/a><\/p>\n","protected":false},"excerpt":{"rendered":"<p>\u00a0Dans l&rsquo;apr\u00e8s midi de jeudi dernier, le chef de la da\u00efra de T\u00e9lagh, s\u2019est rendu \u00e0 Dhaya, chef lieu de commune situ\u00e9 sur les monts \u00e9ponymes, pour s&rsquo;enqu\u00e9rir du fonctionnement de la gestion municipale et notamment de l&rsquo;op\u00e9ration de solidarit\u00e9 de Ramadhan, a-t-on appris d&rsquo;une source\u00a0 bien inform\u00e9e. La nuit tomb\u00e9e, le commis de l&rsquo;\u00c9tat [&hellip;]<\/p>\n","protected":false},"author":1740,"featured_media":0,"comment_status":"closed","ping_status":"closed","sticky":false,"template":"","format":"standard","meta":{"fifu_image_url":"","fifu_image_alt":"","footnotes":""},"categories":[53,76],"tags":[],"class_list":["post-31935","post","type-post","status-publish","format-standard","hentry","category-algerie","category-regions"],"_links":{"self":[{"href":"https:\/\/linitiative.ca\/International\/wp-json\/wp\/v2\/posts\/31935","targetHints":{"allow":["GET"]}}],"collection":[{"href":"https:\/\/linitiative.ca\/International\/wp-json\/wp\/v2\/posts"}],"about":[{"href":"https:\/\/linitiative.ca\/International\/wp-json\/wp\/v2\/types\/post"}],"author":[{"embeddable":true,"href":"https:\/\/linitiative.ca\/International\/wp-json\/wp\/v2\/users\/1740"}],"replies":[{"embeddable":true,"href":"https:\/\/linitiative.ca\/International\/wp-json\/wp\/v2\/comments?post=31935"}],"version-history":[{"count":0,"href":"https:\/\/linitiative.ca\/International\/wp-json\/wp\/v2\/posts\/31935\/revisions"}],"wp:attachment":[{"href":"https:\/\/linitiative.ca\/International\/wp-json\/wp\/v2\/media?parent=31935"}],"wp:term":[{"taxonomy":"category","embeddable":true,"href":"https:\/\/linitiative.ca\/International\/wp-json\/wp\/v2\/categories?post=31935"},{"taxonomy":"post_tag","embeddable":true,"href":"https:\/\/linitiative.ca\/International\/wp-json\/wp\/v2\/tags?post=31935"}],"curies":[{"name":"wp","href":"https:\/\/api.w.org\/{rel}","templated":true}]}}