{"id":31948,"date":"2019-05-03T12:11:07","date_gmt":"2019-05-03T16:11:07","guid":{"rendered":"https:\/\/linitiative.ca\/International\/chlef-les-manifestants-ne-desarment-pas\/"},"modified":"2019-05-03T12:11:07","modified_gmt":"2019-05-03T16:11:07","slug":"chlef-les-manifestants-ne-desarment-pas","status":"publish","type":"post","link":"https:\/\/linitiative.ca\/International\/chlef-les-manifestants-ne-desarment-pas\/","title":{"rendered":"Chlef : Les manifestants ne d\u00e9sarment pas"},"content":{"rendered":"<h4 class=\"title-14\"\/>\n<div class=\"featured_image\">\n<p><img loading=\"lazy\" decoding=\"async\" width=\"960\" height=\"720\" src=\"https:\/\/www.elwatan.com\/wp-content\/uploads\/2019\/05\/Chlef-marche-vendredi-3-mai-2019.jpg\" class=\"attachment-post-thumbnail size-post-thumbnail wp-post-image\" alt=\"Chlef : Les manifestants ne d\u00e9sarment pas\" srcset=\"https:\/\/www.elwatan.com\/wp-content\/uploads\/2019\/05\/Chlef-marche-vendredi-3-mai-2019.jpg 960w, https:\/\/www.elwatan.com\/wp-content\/uploads\/2019\/05\/Chlef-marche-vendredi-3-mai-2019-300x225.jpg 300w, https:\/\/www.elwatan.com\/wp-content\/uploads\/2019\/05\/Chlef-marche-vendredi-3-mai-2019-768x576.jpg 768w\" sizes=\"auto, (max-width: 960px) 100vw, 960px\"\/><\/p>\n<p> <span class=\"featured-image-caption\">Photo : El Watan<\/span><\/div>\n<p>Toujours attach\u00e9s \u00e0 leurs revendications politiques et d\u00e9termin\u00e9s \u00e0 aller jusqu\u2019au bout, les manifestants \u00e0 Chlef ont encore r\u00e9clam\u00e9, ce vendredi , le d\u00e9part des deux \u00ab\u00a0B\u00a0\u00bb et leur gouvernement. Ils ont, de nouveau,\u00a0 battu le pav\u00e9 en exigeant la d\u00e9mission des figures du syst\u00e8me en application de l\u2019article 7 de la constitution.<\/p>\n<p>\u00ab Pas de Bedoui ni Bensalah, le peuple ne \u00a0reconnait pas les symboles du r\u00e9gime d\u00e9cri\u00e9, nous avons dit partez tous \u2026\u00a0\u00bb ont scand\u00e9 les\u00a0 protestataires qui ont parcouru les rues de la ville, drap\u00e9s de l\u2019embl\u00e8me national.<\/p>\n<p>Ils ont, en outre, fait part \u00a0de leur d\u00e9termination de poursuivre le \u00ab\u00a0hirak\u00a0\u00bb pacifiquement jusqu\u2019\u00e0 la satisfaction des revendications du peuple.<\/p>\n<p>Les manifestants, parmi eux des femmes et des jeunes filles, repr\u00e9sentant les diff\u00e9rentes couches de la soci\u00e9t\u00e9, ont sillonn\u00e9 sans discontinuer les principales art\u00e8res du chef-lieu de wilaya. Pour eux, il n\u2019est pas question de revenir en arri\u00e8re, ni c\u00e9der aux revendications principales du peuple, \u00e0 savoir le d\u00e9part du syst\u00e8me\u00a0 en place et la mise en place d\u2019une transition politique avec de \u00ab\u00a0nouvelles t\u00eates\u00a0\u00bb.<\/p>\n<div class=\"yuzo_related_post style-1\" data-version=\"5.12.88\">\n<p><h3>Related Post<\/h3>\n<\/p>\n<div class=\"yuzo_wraps\">\n<div class=\"relatedthumb relatedpost-518265 c10\"><a href=\"https:\/\/www.elwatan.com\/regions\/sud\/actu-sud\/berriane-mise-en-exploitation-de-7-postes-msan-2-01-10-2016\"\/><\/p>\n<p><span class=\"yuzo__text--title c9\">Berriane : Mise en exploitation de 7 postes MSAN<\/span><\/div>\n<div class=\"relatedthumb relatedpost-155148 c10\"><a href=\"https:\/\/www.elwatan.com\/regions\/ouest\/tlemcen\/tlemcen-un-garde-frontiere-arrete-avec-5-quintaux-de-kif-13-10-2018\"\/><\/p>\n<p><span class=\"yuzo__text--title c9\">Tlemcen : Un garde-fronti\u00e8re arr\u00eat\u00e9 avec 5 quintau&#8230;<\/span><\/div>\n<div class=\"relatedthumb relatedpost-238854 c10\"><a href=\"https:\/\/www.elwatan.com\/edition\/economie\/acharnement-contre-le-groupe-cevital-la-douane-cherche-a-gagner-du-temps-pour-satisfaire-la-main-invisible-04-12-2018\"\/><\/p>\n<p><span class=\"yuzo__text--title c9\">Acharnement contre le groupe Cevital : \u00abLa douane &#8230;<\/span><\/div>\n<div class=\"relatedthumb relatedpost-571089 c10\"><a href=\"https:\/\/www.elwatan.com\/edition\/sports\/le-futur-changement-obeira-t-il-au-protocole-du-moulin-a-paroles-21-04-2019\"\/><\/p>\n<p><span class=\"yuzo__text--title c9\">Le futur changement ob\u00e9ira-t-il au protocole du \u00abm&#8230;<\/span><\/div>\n<\/div>\n<\/div>\n<p><span class=\"post-views-label\">Post Views:<\/span> <span class=\"post-views-count\">192<\/span><\/p>\n<p>Auteur: Mohand Yahiaoui<br \/>\n<a href=\"https:\/\/www.elwatan.com\/edition\/actualite\/chlef-les-manifestants-ne-desarment-pas-03-05-2019\">Cliquez ici pour lire l&rsquo;article depuis sa source.<\/a><\/p>\n","protected":false},"excerpt":{"rendered":"<p>Photo : El Watan Toujours attach\u00e9s \u00e0 leurs revendications politiques et d\u00e9termin\u00e9s \u00e0 aller jusqu\u2019au bout, les manifestants \u00e0 Chlef ont encore r\u00e9clam\u00e9, ce vendredi , le d\u00e9part des deux \u00ab\u00a0B\u00a0\u00bb et leur gouvernement. Ils ont, de nouveau,\u00a0 battu le pav\u00e9 en exigeant la d\u00e9mission des figures du syst\u00e8me en application de l\u2019article 7 de [&hellip;]<\/p>\n","protected":false},"author":1743,"featured_media":31949,"comment_status":"closed","ping_status":"closed","sticky":false,"template":"","format":"standard","meta":{"fifu_image_url":"","fifu_image_alt":"","footnotes":""},"categories":[73,53],"tags":[],"class_list":["post-31948","post","type-post","status-publish","format-standard","has-post-thumbnail","hentry","category-actualite","category-algerie"],"_links":{"self":[{"href":"https:\/\/linitiative.ca\/International\/wp-json\/wp\/v2\/posts\/31948","targetHints":{"allow":["GET"]}}],"collection":[{"href":"https:\/\/linitiative.ca\/International\/wp-json\/wp\/v2\/posts"}],"about":[{"href":"https:\/\/linitiative.ca\/International\/wp-json\/wp\/v2\/types\/post"}],"author":[{"embeddable":true,"href":"https:\/\/linitiative.ca\/International\/wp-json\/wp\/v2\/users\/1743"}],"replies":[{"embeddable":true,"href":"https:\/\/linitiative.ca\/International\/wp-json\/wp\/v2\/comments?post=31948"}],"version-history":[{"count":0,"href":"https:\/\/linitiative.ca\/International\/wp-json\/wp\/v2\/posts\/31948\/revisions"}],"wp:featuredmedia":[{"embeddable":true,"href":"https:\/\/linitiative.ca\/International\/wp-json\/"}],"wp:attachment":[{"href":"https:\/\/linitiative.ca\/International\/wp-json\/wp\/v2\/media?parent=31948"}],"wp:term":[{"taxonomy":"category","embeddable":true,"href":"https:\/\/linitiative.ca\/International\/wp-json\/wp\/v2\/categories?post=31948"},{"taxonomy":"post_tag","embeddable":true,"href":"https:\/\/linitiative.ca\/International\/wp-json\/wp\/v2\/tags?post=31948"}],"curies":[{"name":"wp","href":"https:\/\/api.w.org\/{rel}","templated":true}]}}