{"id":31950,"date":"2019-05-03T12:30:22","date_gmt":"2019-05-03T16:30:22","guid":{"rendered":"https:\/\/linitiative.ca\/International\/11e-vendredi-a-alger-les-manifestants-en-colere-contre-ahmed-gaid-salah\/"},"modified":"2019-05-03T12:30:22","modified_gmt":"2019-05-03T16:30:22","slug":"11e-vendredi-a-alger-les-manifestants-en-colere-contre-ahmed-gaid-salah","status":"publish","type":"post","link":"https:\/\/linitiative.ca\/International\/11e-vendredi-a-alger-les-manifestants-en-colere-contre-ahmed-gaid-salah\/","title":{"rendered":"11e vendredi \u00e0 Alger : Les manifestants en col\u00e8re contre Ahmed Ga\u00efd Salah"},"content":{"rendered":"<h4 class=\"title-14\"\/>\n<div class=\"featured_image\">\n<p><img loading=\"lazy\" decoding=\"async\" width=\"960\" height=\"720\" src=\"https:\/\/www.elwatan.com\/wp-content\/uploads\/2019\/05\/slogans-une.jpg\" class=\"attachment-post-thumbnail size-post-thumbnail wp-post-image\" alt=\"\" srcset=\"https:\/\/www.elwatan.com\/wp-content\/uploads\/2019\/05\/slogans-une.jpg 960w, https:\/\/www.elwatan.com\/wp-content\/uploads\/2019\/05\/slogans-une-300x225.jpg 300w, https:\/\/www.elwatan.com\/wp-content\/uploads\/2019\/05\/slogans-une-768x576.jpg 768w\" sizes=\"auto, (max-width: 960px) 100vw, 960px\"\/><\/p>\n<p> <span class=\"featured-image-caption\">Alger, 11e vendredi : \u00ab Non aux d\u00e9cisions des institutions du gang \u00bb. Photo : Farouk D<\/span><\/div>\n<p>Le 11<sup>e<\/sup> vendredi des manifestations pacifiques a \u00e9t\u00e9 marqu\u00e9 par un changement net des slogans, d\u00e9sormais orient\u00e9s contre le chef d\u2019\u00e9tat-major de l\u2019arm\u00e9e, Ahmed Ga\u00efd\u00a0Salah. Le g\u00e9n\u00e9ral a r\u00e9ussi, au fil des semaines, \u00e0 s\u2019attirer les foudres de la rue.<\/p>\n<p>\u00ab\u00a0El jeich dyalna w el Gaid khan\u2019na (l\u2019ANP est notre arm\u00e9e et <a href=\"https:\/\/twitter.com\/FaroukDjouadi\/status\/1124327841523535873\">Gaid Salah nous a trahi<\/a>\u00a0\u00bb, \u00ab\u00a0Ga\u00efd\u00a0Salah d\u00e9gage\u00a0\u00bb et \u00ab\u00a0Ga\u00efd\u00a0 Salah le chef de gang \u00bb, ont scand\u00e9 des foules nombreuses aujourd\u2019hui \u00e0 Alger, apr\u00e8s la pri\u00e8re de vendredi. Les manifestants, des centaines de milliers, ont brandi comme de coutume des pancartes et des banderoles pour r\u00e9it\u00e9rer leur revendication principales\u00a0: \u00ab\u00a0Syst\u00e8me d\u00e9gage\u00a0! \u00bb et \u00ab\u00a0Yetnahaw ga\u00e2 (d\u00e9part de tout le r\u00e9gime !)\u00a0\u00bb.<\/p>\n<p><img loading=\"lazy\" decoding=\"async\" class=\"alignnone size-medium wp-image-576205\" src=\"https:\/\/www.elwatan.com\/wp-content\/uploads\/2019\/05\/gaid-1-300x225.jpg\" alt=\"\" width=\"300\" height=\"225\" data-lazy-srcset=\"https:\/\/www.elwatan.com\/wp-content\/uploads\/2019\/05\/gaid-1-300x225.jpg 300w, https:\/\/www.elwatan.com\/wp-content\/uploads\/2019\/05\/gaid-1.jpg 640w\" data-lazy-sizes=\"(max-width: 300px) 100vw, 300px\"\/><\/p>\n<p><noscript><\/p>\n<p><img loading=\"lazy\" decoding=\"async\" class=\"alignnone size-medium wp-image-576205\" src=\"https:\/\/www.elwatan.com\/wp-content\/uploads\/2019\/05\/gaid-1-300x225.jpg\" alt=\"\" width=\"300\" height=\"225\" srcset=\"https:\/\/www.elwatan.com\/wp-content\/uploads\/2019\/05\/gaid-1-300x225.jpg 300w, https:\/\/www.elwatan.com\/wp-content\/uploads\/2019\/05\/gaid-1.jpg 640w\" sizes=\"auto, (max-width: 300px) 100vw, 300px\"\/><\/p>\n<p><\/noscript><\/p>\n<p>Les slogans hostiles au chef d\u2019\u00e9tat-major de l\u2019arm\u00e9e se sont multipli\u00e9s au point d\u2019\u00e9clipser ceux appelant au d\u00e9part de Bensalah et Bedoui, respectivement chef de l\u2019Etat par int\u00e9rim et premier ministre. \u00ab\u00a0Gaid Salah, vous \u00eates contre la volont\u00e9 populaire\u00a0\u00bb, \u00ab\u00a0Mon g\u00e9n\u00e9ral, votre article 102 est un chemin sans issu\u00a0\u00bb, \u00ab\u00a0Gaid Salah, lorsque nous avons dit d\u00e9gagez tous, vous \u00eates concern\u00e9s\u00a0! \u00bb, lit-on sur des pancartes hiss\u00e9s un peu partout.<\/p>\n<p>Les manifestants, dont le nombre semble avoir l\u00e9g\u00e8rement baiss\u00e9 comparativement aux semaines pr\u00e9c\u00e9dentes, ont exprim\u00e9 leur rejet de l\u2019\u00e9lection pr\u00e9sidentielle pr\u00e9vue le 4 juillet prochain. \u00ab\u00a0Pas d\u2019\u00e9lections avant le d\u00e9part du gang\u00a0\u00bb.<\/p>\n<p><img loading=\"lazy\" decoding=\"async\" class=\"alignnone size-medium wp-image-576206\" src=\"https:\/\/www.elwatan.com\/wp-content\/uploads\/2019\/05\/vote-300x225.jpg\" alt=\"\" width=\"300\" height=\"225\" data-lazy-srcset=\"https:\/\/www.elwatan.com\/wp-content\/uploads\/2019\/05\/vote-300x225.jpg 300w, https:\/\/www.elwatan.com\/wp-content\/uploads\/2019\/05\/vote.jpg 640w\" data-lazy-sizes=\"(max-width: 300px) 100vw, 300px\"\/><\/p>\n<p><noscript><\/p>\n<p><img loading=\"lazy\" decoding=\"async\" class=\"alignnone size-medium wp-image-576206\" src=\"https:\/\/www.elwatan.com\/wp-content\/uploads\/2019\/05\/vote-300x225.jpg\" alt=\"\" width=\"300\" height=\"225\" srcset=\"https:\/\/www.elwatan.com\/wp-content\/uploads\/2019\/05\/vote-300x225.jpg 300w, https:\/\/www.elwatan.com\/wp-content\/uploads\/2019\/05\/vote.jpg 640w\" sizes=\"auto, (max-width: 300px) 100vw, 300px\"\/><\/p>\n<p><\/noscript><\/p>\n<p>De nombreux manifestants ont \u00e9galement exprim\u00e9 leurs doutes quant aux poursuites judiciaires\u00a0 dites de lutte contre la corruption, qualifi\u00e9es de \u00ab\u00a0pi\u00e8ces de th\u00e9\u00e2tre\u00a0\u00bb. \u00a0\u00ab\u00a0Pas de justice libre sous le r\u00e9gime des gangs\u00a0\u00bb, \u00ab\u00a0qui juge qui\u00a0?\u00a0\u00bb et \u00ab\u00a0Nous ne faisons pas confiance \u00e0 la justice du gang\u00a0\u00bb, ont-ils \u00e9crit.<\/p>\n<p><img loading=\"lazy\" decoding=\"async\" class=\"alignnone size-medium wp-image-576208\" src=\"https:\/\/www.elwatan.com\/wp-content\/uploads\/2019\/05\/foule-300x258.jpg\" alt=\"\" width=\"300\" height=\"258\" data-lazy-srcset=\"https:\/\/www.elwatan.com\/wp-content\/uploads\/2019\/05\/foule-300x258.jpg 300w, https:\/\/www.elwatan.com\/wp-content\/uploads\/2019\/05\/foule.jpg 558w\" data-lazy-sizes=\"(max-width: 300px) 100vw, 300px\"\/><\/p>\n<p><noscript><\/p>\n<p><img loading=\"lazy\" decoding=\"async\" class=\"alignnone size-medium wp-image-576208\" src=\"https:\/\/www.elwatan.com\/wp-content\/uploads\/2019\/05\/foule-300x258.jpg\" alt=\"\" width=\"300\" height=\"258\" srcset=\"https:\/\/www.elwatan.com\/wp-content\/uploads\/2019\/05\/foule-300x258.jpg 300w, https:\/\/www.elwatan.com\/wp-content\/uploads\/2019\/05\/foule.jpg 558w\" sizes=\"auto, (max-width: 300px) 100vw, 300px\"\/><\/p>\n<p><\/noscript><\/p>\n<p>A 16h, tout le centre d\u2019Alger est occup\u00e9 par des marcheurs dont certains, au milieu des chants et des sons de la derbouka, ont brandi sagement leur revendication portant \u00ab\u00a0 \u00e9lection d\u2019une assembl\u00e9e constituante souveraine\u00a0\u00bb ou pour exprimer leur attachement \u00e0 un \u00ab\u00a0Etat <em>novembriste<\/em>\u00a0\u00bb.<\/p>\n<p>A l\u2019heure o\u00f9 nous mettons en ligne, des processions de manifestants continuent d\u2019affluer au centre d\u2019Alger alors que d\u2019autres ont commenc\u00e9 \u00e0 rentrer chez eux.<\/p>\n<div class=\"yuzo_related_post style-1\" data-version=\"5.12.88\">\n<p><h3>Related Post<\/h3>\n<\/p>\n<div class=\"yuzo_wraps\">\n<div class=\"relatedthumb relatedpost-155060 c10\"><a href=\"https:\/\/www.elwatan.com\/edition\/actualite\/metro-dalger-hai-el-badr-ain-naadja-suspendue-aujourdhui-12-10-2018\"\/><\/p>\n<p><span class=\"yuzo__text--title c9\">M\u00e9tro d\u2019Alger\u00a0: Ha\u00ef El Badr-A\u00efn Na\u00e2dja suspendue a&#8230;<\/span><\/div>\n<div class=\"relatedthumb relatedpost-144593 c10\"><a href=\"https:\/\/www.elwatan.com\/edition\/sports\/coupe-de-la-caf-lusma-a-pied-doeuvre-a-dar-es-salam-18-08-2018\"\/><\/p>\n<p><span class=\"yuzo__text--title c9\">Coupe de la CAF : L\u2019USMA \u00e0 pied d\u2019\u0153uvre \u00e0 Dar es S&#8230;<\/span><\/div>\n<div class=\"relatedthumb relatedpost-144531 c10\"><a href=\"https:\/\/www.elwatan.com\/edition\/actualite\/des-limogeages-et-des-interrogations-2-17-08-2018\"\/><\/p>\n<p><span class=\"yuzo__text--title c9\">Interrogations sur le limogeage des g\u00e9n\u00e9raux-major&#8230;<\/span><\/div>\n<div class=\"relatedthumb relatedpost-150986 c10\"><a href=\"https:\/\/www.elwatan.com\/edition\/actualite\/a-ouargla-les-jeunes-diplomes-font-annuler-le-concours-de-sonatrach-21-09-2018\"\/><\/p>\n<p><span class=\"yuzo__text--title c9\">A Ouargla, les jeunes dipl\u00f4m\u00e9s font annuler le\u00a0con&#8230;<\/span><\/div>\n<\/div>\n<\/div>\n<p><span class=\"post-views-label\">Post Views:<\/span> <span class=\"post-views-count\">8\u00a0123<\/span><\/p>\n<p>Auteur: Farouk Djouadi<br \/>\n<a href=\"https:\/\/www.elwatan.com\/edition\/actualite\/11e-vendredi-a-alger-les-manifestants-en-colere-contre-ahmed-gaid-salah-03-05-2019\">Cliquez ici pour lire l&rsquo;article depuis sa source.<\/a><\/p>\n","protected":false},"excerpt":{"rendered":"<p>Alger, 11e vendredi : \u00ab Non aux d\u00e9cisions des institutions du gang \u00bb. Photo : Farouk D Le 11e vendredi des manifestations pacifiques a \u00e9t\u00e9 marqu\u00e9 par un changement net des slogans, d\u00e9sormais orient\u00e9s contre le chef d\u2019\u00e9tat-major de l\u2019arm\u00e9e, Ahmed Ga\u00efd\u00a0Salah. Le g\u00e9n\u00e9ral a r\u00e9ussi, au fil des semaines, \u00e0 s\u2019attirer les foudres de [&hellip;]<\/p>\n","protected":false},"author":1743,"featured_media":31951,"comment_status":"closed","ping_status":"closed","sticky":false,"template":"","format":"standard","meta":{"fifu_image_url":"","fifu_image_alt":"","footnotes":""},"categories":[73,53],"tags":[],"class_list":["post-31950","post","type-post","status-publish","format-standard","has-post-thumbnail","hentry","category-actualite","category-algerie"],"_links":{"self":[{"href":"https:\/\/linitiative.ca\/International\/wp-json\/wp\/v2\/posts\/31950","targetHints":{"allow":["GET"]}}],"collection":[{"href":"https:\/\/linitiative.ca\/International\/wp-json\/wp\/v2\/posts"}],"about":[{"href":"https:\/\/linitiative.ca\/International\/wp-json\/wp\/v2\/types\/post"}],"author":[{"embeddable":true,"href":"https:\/\/linitiative.ca\/International\/wp-json\/wp\/v2\/users\/1743"}],"replies":[{"embeddable":true,"href":"https:\/\/linitiative.ca\/International\/wp-json\/wp\/v2\/comments?post=31950"}],"version-history":[{"count":0,"href":"https:\/\/linitiative.ca\/International\/wp-json\/wp\/v2\/posts\/31950\/revisions"}],"wp:featuredmedia":[{"embeddable":true,"href":"https:\/\/linitiative.ca\/International\/wp-json\/"}],"wp:attachment":[{"href":"https:\/\/linitiative.ca\/International\/wp-json\/wp\/v2\/media?parent=31950"}],"wp:term":[{"taxonomy":"category","embeddable":true,"href":"https:\/\/linitiative.ca\/International\/wp-json\/wp\/v2\/categories?post=31950"},{"taxonomy":"post_tag","embeddable":true,"href":"https:\/\/linitiative.ca\/International\/wp-json\/wp\/v2\/tags?post=31950"}],"curies":[{"name":"wp","href":"https:\/\/api.w.org\/{rel}","templated":true}]}}