{"id":31956,"date":"2019-05-03T06:41:00","date_gmt":"2019-05-03T10:41:00","guid":{"rendered":"https:\/\/linitiative.ca\/International\/tunisie-argentine-tango-dor-a-buenos-aires-video\/"},"modified":"2019-05-03T06:41:00","modified_gmt":"2019-05-03T10:41:00","slug":"tunisie-argentine-tango-dor-a-buenos-aires-video","status":"publish","type":"post","link":"https:\/\/linitiative.ca\/International\/tunisie-argentine-tango-dor-a-buenos-aires-video\/","title":{"rendered":"Tunisie &#8211; Argentine: Tango d\u2019or \u00e0 Buenos Aires (Vid\u00e9o)"},"content":{"rendered":"<p><em>\u00abC\u2019est une visite historique \u00e0 plus d\u2019un titre que celle qu\u2019effectuera le ministre des Affaires \u00e9trang\u00e8res Khemaies Jhinaoui les 6 et 7 mai \u00e0 Buenos Aires. La premi\u00e8re depuis 24 ans, Habib Ben Yahya \u00e9tant le dernier chef de la diplomatie tunisienne \u00e0 s\u2019\u00eatre rendu en Argentine, en novembre 1995.\u00bb L\u2019ambassadeur d\u2019Argentine \u00e0 Tunis, Claudio Javier Rozencwaig, s\u2019en r\u00e9jouit vivement, d\u00e9taillant les retomb\u00e9es b\u00e9n\u00e9fiques attendues.<\/em><\/p>\n<p class=\"c2\"><iframe loading=\"lazy\" src=\"https:\/\/www.youtube.com\/embed\/ZjyVkqLf4c8\" allow=\"accelerometer; autoplay; encrypted-media; gyroscope; picture-in-picture\" allowfullscreen=\"\" width=\"560\" height=\"315\" frameborder=\"0\">[embedded content]<\/iframe><\/p>\n<p><em>\u00abSi plus de 10 000 km de distance et 4 heures de d\u00e9calage horaire nous s\u00e9parent, dit-il, l\u2019Argentine et la Tunisie sont si proches par leurs positions politiques convergentes, une longue amiti\u00e9, les relations diplomatiques remontent \u00e0 plus de 57 ans (depuis 1961) et une volont\u00e9 commune de renforcer notre coop\u00e9ration bilat\u00e9rale. En sa qualit\u00e9 de pr\u00e9sident du G20 (devant transmettre le relais en juin prochain au Japon), l\u2019Argentine joue un r\u00f4le actif sur le plan international et appuie pleinement la candidature de la Tunisie au Conseil de s\u00e9curit\u00e9. En outre, si notre r\u00e9seau diplomatique est dense en Afrique du Nord, nous ne comptons que quelques ambassades en Afrique subsaharienne et nous voulons faire de la Tunisie un hub \u00e9conomique et commercial pour le continent.\u00bb<\/em><\/p>\n<p>Multiplier les flux d\u2019\u00e9changes et drainer des investissements. Les \u00e9changes commerciaux, reconna\u00eet l\u2019ambassadeur Rozencwai, sont encore modestes, n\u2019exc\u00e9dant pas 220 MD en 2018, dont 23.5 MD seulement d\u2019exportations tunisiennes, soit un taux de couverture de 12%. <em>\u00ab Pourtant, souligne-t-il, de r\u00e9elles opportunit\u00e9s s\u2019offrent en Argentine aux produits tunisiens tels que les c\u00e2bles automobiles, l\u2019huile d\u2019olive, et autres. Les importations en Tunisie portent notamment sur les c\u00e9r\u00e9ales et la viande. Un partenariat est cependant tr\u00e8s actif dans le domaine de l\u2019industrie pharmaceutique avec les Laboratoires Teriak. Une banque serait \u00e9galement int\u00e9ress\u00e9e par une acquisition en Tunisie. Notre objectif est de promouvoir les investissements directs et le tourisme et d\u2019accro\u00eetre le volume des \u00e9changes commerciaux entre les deux pays. Divers accords de coop\u00e9ration seront d\u2019ailleurs sign\u00e9s \u00e0 cet effet lors de la visite du ministre Jhinaoui \u00e0 Buenos Aires. \u00bb<\/em><\/p>\n<p class=\"c2\"><img loading=\"lazy\" decoding=\"async\" src=\"\/uploads\/FCK_files\/Carte-de-l'argentine.jpg\" class=\"responsive_img\" alt=\"\" width=\"700\" vspace=\"5\" hspace=\"5\" height=\"1059\" align=\"middle\"\/><\/p>\n<p>Parmi ces accords, croit savoir <em><strong>Leaders<\/strong><\/em>, figurent notamment ceux relatifs \u00e0 la coop\u00e9ration technique, l\u2019action sociale, et au Cepex, en attendant la finalisation de ceux concernant la sant\u00e9, la douane, l\u2019industrie, le transport, la marine marchande, la femme et la s\u00e9curit\u00e9. Il faut dire que la visite effectu\u00e9e \u00e0 Tunis il y a un an (le 2 avril 2018) par le ministre argentin des Relations ext\u00e9rieures et du Culte, Jorge Faurie, et ses entretiens avec son homologue Jhinaoui, avaient imprim\u00e9 un nouvel \u00e9lan \u00e0 cette coop\u00e9ration bilat\u00e9rale et la mise en place de nombre de commissions mixtes sectorielles.<\/p>\n<h2>L\u2019adh\u00e9sion au Mercosur<\/h2>\n<p>On ne peut \u00e9voquer le d\u00e9placement du chef de la diplomatie tunisienne \u00e0 Buenos Aires sans parler de la question de l\u2019adh\u00e9sion de la Tunisie au Mercosur, ce march\u00e9 commun du Sud, communaut\u00e9 \u00e9conomique qui regroupe plusieurs pays de l\u203aAm\u00e9rique du Sud et dont l\u2019Argentine assure actuellement la pr\u00e9sidence. Les n\u00e9gociations directes engag\u00e9es pour la conclusion d\u2019un accord \u00e9tablissant une zone de libre-\u00e9change seront sans doute relanc\u00e9es \u00e0 cette occasion, avec comme objectif de fixer une date proche pour la tenue d\u2019un deuxi\u00e8me round.<\/p>\n<p>Depuis Buenos Aires, l\u2019ambassadeur de Tunisie, Hichem Bayoudh, souligne toute l\u2019importance de la visite du ministre Jhinaoui en Argentine et les perspectives prometteuses qu\u2019elle ouvrira. Au programme, des entretiens avec son homologue, ainsi que les ministres de l\u2019Economie et de la Production, le pr\u00e9sident de la Chambre des d\u00e9put\u00e9s et celui de la Chambre de commerce arabo-argentine, et une conf\u00e9rence \u00e0 l\u2019Acad\u00e9mie diplomatique.<\/p>\n<p class=\"c2\"><strong><a href=\"https:\/\/www.leaders.com.tn\/le_mensuel_abonnez_vous\" target=\"_blank\" rel=\"noopener noreferrer\"><img loading=\"lazy\" decoding=\"async\" src=\"\/uploads\/FCK_files\/Bandeau-Leaders-1-copie(19).jpg\" alt=\"\" width=\"500\" vspace=\"5\" hspace=\"5\" height=\"128\" align=\"middle\"\/><\/a><\/strong><\/p>\n<p>Auteur:<br \/>\n<a href=\"https:\/\/www.leaders.com.tn\/article\/27028-tunisie-argentine-tango-d-or-a-buenos-aires-video\">Cliquez ici pour lire l&rsquo;article depuis sa source.<\/a><\/p>\n","protected":false},"excerpt":{"rendered":"<p>\u00abC\u2019est une visite historique \u00e0 plus d\u2019un titre que celle qu\u2019effectuera le ministre des Affaires \u00e9trang\u00e8res Khemaies Jhinaoui les 6 et 7 mai \u00e0 Buenos Aires. La premi\u00e8re depuis 24 ans, Habib Ben Yahya \u00e9tant le dernier chef de la diplomatie tunisienne \u00e0 s\u2019\u00eatre rendu en Argentine, en novembre 1995.\u00bb L\u2019ambassadeur d\u2019Argentine \u00e0 Tunis, Claudio [&hellip;]<\/p>\n","protected":false},"author":1772,"featured_media":0,"comment_status":"closed","ping_status":"closed","sticky":false,"template":"","format":"standard","meta":{"fifu_image_url":"","fifu_image_alt":"","footnotes":""},"categories":[73,55],"tags":[],"class_list":["post-31956","post","type-post","status-publish","format-standard","hentry","category-actualite","category-tunisie"],"_links":{"self":[{"href":"https:\/\/linitiative.ca\/International\/wp-json\/wp\/v2\/posts\/31956","targetHints":{"allow":["GET"]}}],"collection":[{"href":"https:\/\/linitiative.ca\/International\/wp-json\/wp\/v2\/posts"}],"about":[{"href":"https:\/\/linitiative.ca\/International\/wp-json\/wp\/v2\/types\/post"}],"author":[{"embeddable":true,"href":"https:\/\/linitiative.ca\/International\/wp-json\/wp\/v2\/users\/1772"}],"replies":[{"embeddable":true,"href":"https:\/\/linitiative.ca\/International\/wp-json\/wp\/v2\/comments?post=31956"}],"version-history":[{"count":0,"href":"https:\/\/linitiative.ca\/International\/wp-json\/wp\/v2\/posts\/31956\/revisions"}],"wp:attachment":[{"href":"https:\/\/linitiative.ca\/International\/wp-json\/wp\/v2\/media?parent=31956"}],"wp:term":[{"taxonomy":"category","embeddable":true,"href":"https:\/\/linitiative.ca\/International\/wp-json\/wp\/v2\/categories?post=31956"},{"taxonomy":"post_tag","embeddable":true,"href":"https:\/\/linitiative.ca\/International\/wp-json\/wp\/v2\/tags?post=31956"}],"curies":[{"name":"wp","href":"https:\/\/api.w.org\/{rel}","templated":true}]}}