{"id":31961,"date":"2019-05-03T13:00:00","date_gmt":"2019-05-03T17:00:00","guid":{"rendered":"https:\/\/linitiative.ca\/International\/akinwumi-a-adesina-a-caid-essebsi-la-bad-disposee-a-soutenir-la-tunisie-dans-divers-domaines-album-photos-et-video\/"},"modified":"2019-05-03T13:00:00","modified_gmt":"2019-05-03T17:00:00","slug":"akinwumi-a-adesina-a-caid-essebsi-la-bad-disposee-a-soutenir-la-tunisie-dans-divers-domaines-album-photos-et-video","status":"publish","type":"post","link":"https:\/\/linitiative.ca\/International\/akinwumi-a-adesina-a-caid-essebsi-la-bad-disposee-a-soutenir-la-tunisie-dans-divers-domaines-album-photos-et-video\/","title":{"rendered":"Akinwumi A. Adesina \u00e0 Ca\u00efd Essebsi: La BAD dispos\u00e9e \u00e0 soutenir la Tunisie dans divers domaines (Album Photos et Vid\u00e9o)"},"content":{"rendered":"<p>\u00ab Je suis impressionn\u00e9 par l\u2019engagement du pr\u00e9sident Ca\u00efd Essebsi en faveur de l\u2019emploi des jeunes, notamment les dipl\u00f4m\u00e9s, tout en renfor\u00e7ant le d\u00e9veloppement de la Tunisie. J\u2019ai salu\u00e9 ses efforts pour la stabilisation de la Tunisie et son apaisement, malgr\u00e9 les d\u00e9fis, relevant avec appr\u00e9ciation la reprise de la croissance amor\u00e7ant nue bonne tendance.\u00bb C\u2019est ce qu\u2019a d\u00e9clar\u00e9 le pr\u00e9sident de la Banque africaine du d\u00e9veloppement,\u00a0 Akinwumi A. Adesina, re\u00e7u vendredi matin \u00e0 Carthage. \u00ab Je lui ai r\u00e9it\u00e9r\u00e9 le plein soutien de la Banque \u00e0 la Tunisie, restant dispos\u00e9e \u00e0 appuyer les programmes men\u00e9s dans divers domaines, tels que l\u2019infrastructure, l\u2019agriculture, les technologies, et les PME \u00bb, a-t-il ajout\u00e9.<\/p>\n<p>Avec la Tunisie, a rappel\u00e9 le pr\u00e9sident de la BAD, c\u2019est une relation heureuse qui remonte \u00e0 plus de 55 ans, jalonn\u00e9e par plus de 8.95 milliards de dollars de financement, avec un portefeuille actif rien que pour cette ann\u00e9e de 1.4 milliard de dollars. Mettant en exergue la coop\u00e9ration en mati\u00e8re d\u2019infrastructure, il a indiqu\u00e9 que le concours de la Banque permis la r\u00e9alisation de plus de 13.000 km de route et qu\u2019elle contribue actuellement au financement du nouveau pont \u00e0 deux voies de Bizerte.<\/p>\n<p>Rendant hommage \u00e0 la BAD et \u00e0 son pr\u00e9sident, le chef de l\u2019Etat a d\u00e9cor\u00e9 Akinwumi A. Adesina, des insignes de Grand Officier de l\u2019Ordre du M\u00e9rite.<\/p>\n<p class=\"c2\"><iframe loading=\"lazy\" src=\"https:\/\/www.youtube.com\/embed\/8QletT6Ec08\" allow=\"accelerometer; autoplay; encrypted-media; gyroscope; picture-in-picture\" allowfullscreen=\"\" width=\"560\" height=\"315\" frameborder=\"0\">[embedded content]<\/iframe><\/p>\n<p>Auteur:<br \/>\n<a href=\"https:\/\/www.leaders.com.tn\/article\/27038-akinwumi-a-adesina-a-caid-essebsi-la-bad-disposee-a-soutenir-la-tunisie-dans-divers-domaines\">Cliquez ici pour lire l&rsquo;article depuis sa source.<\/a><\/p>\n","protected":false},"excerpt":{"rendered":"<p>\u00ab Je suis impressionn\u00e9 par l\u2019engagement du pr\u00e9sident Ca\u00efd Essebsi en faveur de l\u2019emploi des jeunes, notamment les dipl\u00f4m\u00e9s, tout en renfor\u00e7ant le d\u00e9veloppement de la Tunisie. J\u2019ai salu\u00e9 ses efforts pour la stabilisation de la Tunisie et son apaisement, malgr\u00e9 les d\u00e9fis, relevant avec appr\u00e9ciation la reprise de la croissance amor\u00e7ant nue bonne tendance.\u00bb [&hellip;]<\/p>\n","protected":false},"author":1772,"featured_media":0,"comment_status":"closed","ping_status":"closed","sticky":false,"template":"","format":"standard","meta":{"fifu_image_url":"","fifu_image_alt":"","footnotes":""},"categories":[73,55],"tags":[],"class_list":["post-31961","post","type-post","status-publish","format-standard","hentry","category-actualite","category-tunisie"],"_links":{"self":[{"href":"https:\/\/linitiative.ca\/International\/wp-json\/wp\/v2\/posts\/31961","targetHints":{"allow":["GET"]}}],"collection":[{"href":"https:\/\/linitiative.ca\/International\/wp-json\/wp\/v2\/posts"}],"about":[{"href":"https:\/\/linitiative.ca\/International\/wp-json\/wp\/v2\/types\/post"}],"author":[{"embeddable":true,"href":"https:\/\/linitiative.ca\/International\/wp-json\/wp\/v2\/users\/1772"}],"replies":[{"embeddable":true,"href":"https:\/\/linitiative.ca\/International\/wp-json\/wp\/v2\/comments?post=31961"}],"version-history":[{"count":0,"href":"https:\/\/linitiative.ca\/International\/wp-json\/wp\/v2\/posts\/31961\/revisions"}],"wp:attachment":[{"href":"https:\/\/linitiative.ca\/International\/wp-json\/wp\/v2\/media?parent=31961"}],"wp:term":[{"taxonomy":"category","embeddable":true,"href":"https:\/\/linitiative.ca\/International\/wp-json\/wp\/v2\/categories?post=31961"},{"taxonomy":"post_tag","embeddable":true,"href":"https:\/\/linitiative.ca\/International\/wp-json\/wp\/v2\/tags?post=31961"}],"curies":[{"name":"wp","href":"https:\/\/api.w.org\/{rel}","templated":true}]}}