{"id":31964,"date":"2019-05-03T15:27:00","date_gmt":"2019-05-03T19:27:00","guid":{"rendered":"https:\/\/linitiative.ca\/International\/caid-essebsi-recevant-des-chercheurs-tunisiens-en-tics-et-ai-grace-a-cette-jeunesse-ambitieuse-et-exigeante-la-tunisie-sen-sortira-video-et-album-photos\/"},"modified":"2019-05-03T15:27:00","modified_gmt":"2019-05-03T19:27:00","slug":"caid-essebsi-recevant-des-chercheurs-tunisiens-en-tics-et-ai-grace-a-cette-jeunesse-ambitieuse-et-exigeante-la-tunisie-sen-sortira-video-et-album-photos","status":"publish","type":"post","link":"https:\/\/linitiative.ca\/International\/caid-essebsi-recevant-des-chercheurs-tunisiens-en-tics-et-ai-grace-a-cette-jeunesse-ambitieuse-et-exigeante-la-tunisie-sen-sortira-video-et-album-photos\/","title":{"rendered":"Ca\u00efd Essebsi recevant des chercheurs tunisiens en Tics et AI : \u00ab Gr\u00e2ce \u00e0 cette jeunesse ambitieuse et exigeante, la Tunisie s\u2019en sortira ! \u00bb (Vid\u00e9o et Album Photos)"},"content":{"rendered":"<p>\u00ab Tenez bon ! Ayez confiance en l\u2019avenir de la Tunisie. Il faut avoir de l&rsquo;endurance! On s\u2019en sortira et notre pays ne sera que meilleur ! \u00bb C\u2019est le message lanc\u00e9 par le pr\u00e9sident B\u00e9ji Ca\u00efd Essebsi \u00e0 un groupe de chercheurs tunisiens en technologies de l\u2019information et intelligence artificielle, pour la plupart \u00e9tablis \u00e0 l\u2019\u00e9tranger, qu\u2019il a re\u00e7us vendredi matin \u00e0 Carthage. Ils avaient pris part avec leurs coll\u00e8gues de diff\u00e9rentes universit\u00e9s tunisiennes et de tech-labs \u00e0 la table ronde sur le th\u00e8me de \u00ab <a href=\"https:\/\/www.leaders.com.tn\/article\/26990-kamel-akrout-table-ronde-souverainete-et-resilience-numerique-defis-et-tendances\">Souverainet\u00e9 et r\u00e9siliences num\u00e9rique : D\u00e9fis et tendances<\/a> \u00bb organis\u00e9e par la Pr\u00e9sidence de la R\u00e9publique les 2 et 3 mai courant.<\/p>\n<p>\u00ab Vous avez le m\u00e9rite d\u2019avoir fait le bon choix, celui du savoir et de l\u2019excellence, en vous investissant avec comp\u00e9tence dans des technologies de grand avenir, ajoutera-t-il. Je suis ravi de voir des jeunes y r\u00e9ussir, en Tunisie et dans le monde. Je suis de pr\u00e8s ces \u00e9volutions et constate que les jeunes d\u2019aujourd\u2019hui ne sont plus les m\u00eames, leurs structures mentales ont beaucoup chang\u00e9. Seuls le savoir et la technologie fa\u00e7onneront le futur quand ils sont bien nourris des grandes valeurs. \u00bb<\/p>\n<p>En pr\u00e9sence de Mme Selma Elloumi Rekik, ministre directeur du cabinet pr\u00e9sidentiel et le Contre-Amiral Kamel Akrout, Conseiller principal en S\u00e9curit\u00e9 Nationale aupr\u00e8s du Pr\u00e9sident de la R\u00e9publique (organisateur de la table ronde et resonsable du projet), B\u00e9ji Ca\u00efd Essebsi se laissera aller \u00e0 la confidence. \u00ab Lorsque j\u2019avais rencontr\u00e9 le pr\u00e9sident Barack Obama, au G8 \u00e0 Deauville, au printemps 2011, il avait insist\u00e9 pour que j\u2019aille lui rendre une visite officielle \u00e0 Washington. La premi\u00e8re chose que je lui avais demand\u00e9e, me recevant en octobre 2011 \u00e0 la Maison blanche et s\u2019enqu\u00e9rant des besoins de la Tunisie, j\u2019avais mentionn\u00e9 des bourses d\u2019\u00e9tudes. Ce qu\u2019il accorda imm\u00e9diatement. C\u2019est d\u2019ailleurs la m\u00eame demande que j\u2019ai faite par la suite, lors de ma visite en tant que pr\u00e9sident de la R\u00e9publique \u00e0 la Commission de l\u2019Union europ\u00e9enne. Aujourd\u2019hui, plusieurs centaines de jeunes \u00e9tudiants tunisiens b\u00e9n\u00e9ficient du programme Erasmus. \u00bb<\/p>\n<p class=\"c2\"><iframe loading=\"lazy\" src=\"https:\/\/www.youtube.com\/embed\/KT9jABXXN7k\" allow=\"accelerometer; autoplay; encrypted-media; gyroscope; picture-in-picture\" allowfullscreen=\"\" width=\"560\" height=\"315\" frameborder=\"0\">[embedded content]<\/iframe><\/p>\n<p>Au sujet de la situation qui pr\u00e9vaut actuellement en Tunisie, le pr\u00e9sident Ca\u00efd Essebsi a \u00e9t\u00e9 franc. \u00ab En acceptant de me porter candidat \u00e0 la Pr\u00e9sidence fin 2014, je croyais que je pouvais sortir la Tunisie des probl\u00e8mes qui l\u2019accablaient. Chaque fois que l\u2019occasion s\u2019est pr\u00e9sent\u00e9e, je n\u2019ai pas manqu\u00e9 de la saisir pour lancer des initiatives et les faire aboutir. Prenez l\u2019exemple de la parit\u00e9 dans l\u2019h\u00e9ritage, c\u2019est une avanc\u00e9e tr\u00e8s significative que je ne cesse de promouvoir. Elle fera r\u00e9f\u00e9rence pour d\u2019autres pays comme me l\u2019affirment de nombreux dirigeants du monde entier, et j\u2019esp\u00e8re que les droits acquis par la femme tunisienne soient irr\u00e9versibles, autant que les libert\u00e9s et autres droits instaur\u00e9s dans diff\u00e9rents domaines. L\u2019essentiel pour moi est de conduire la Tunisie vers la d\u00e9mocratie et la prosp\u00e9rit\u00e9. Mais, je me suis rendu compte de la complexit\u00e9 de la t\u00e2che quelque soit l\u2019ardeur y apporter. Gr\u00e2ce \u00e0 vous et \u00e0 cette jeunesse ambitieuse et exigeante, je suis convaincu que l\u2019avenir sera meilleur. La Tunisie y r\u00e9ussira. \u00bb<\/p>\n<p>Le groupe \u00e9tait compos\u00e9 de :\u00a0<\/p>\n<ul>\n<li><span class=\"c3\"><strong>Nozha Boujemaa<\/strong><\/span>, Chief Science and Innovation Officer, France<\/li>\n<li><span class=\"c3\"><strong>Sonia Bahri<\/strong><\/span>, Conseill\u00e8re du Pr\u00e9sident de la Commission Nationale Fran\u00e7aise pour l\u2019UNESCO, France<\/li>\n<li><span class=\"c3\"><strong>Taoufik Bourgou<\/strong><\/span>, Ma\u00eetre de conf\u00e9rences en sciences politiques, France<\/li>\n<li><span class=\"c3\"><strong>Mongi Marzoug<\/strong><\/span>, X &#8211; Telecom Paris Tech, Senior VP Internet and Sustainable Energy Governance<\/li>\n<li><span class=\"c3\"><strong>Naim Ben-Hamida<\/strong><\/span>, PHD Director of Hardware Design, AMS ASIC<\/li>\n<li><span class=\"c3\"><strong>Mehdi Merai<\/strong><\/span>, Ph.D (c) \/ CEO at Dataperformers (Canada)\u00a0<\/li>\n<li><span class=\"c3\"><strong>Narj\u00e8s Bellamine Ben Saou<\/strong><\/span>, Professeur \u00e0 l\u2019ENSI, Universit\u00e9 de la Manouba.<\/li>\n<\/ul>\n<p>Mme Bellamine Ben Saou a repr\u00e9sent\u00e9 lors de cette audience, les conf\u00e9renciers des universit\u00e9s tunisiennes et tech-labs\u00a0 qui ont particip\u00e9 \u00e0 la table ronde :<\/p>\n<ul>\n<li><span class=\"c3\"><strong>Kamel Besbes<\/strong><\/span>, Professeur et DG du Centre de Recherche en Micro\u00e9lectroniques et Nanotechnologies de Sousse\u00a0<\/li>\n<li><span class=\"c3\"><strong>Jelel Ezzine<\/strong><\/span>, Professeur \u00e0 l\u2019ENIT et coordinateur du Taskforce sur l\u2019Intelligence artificielle\u00a0<\/li>\n<li><span class=\"c3\"><strong>Mohamed Jmaiel<\/strong><\/span>, Professeur et DG du Centre de recherche<\/li>\n<li><span class=\"c3\"><strong>Slim Masmoudi<\/strong><\/span>, Ph.D en psychologie cognitive, Ma\u00eetre de Conf\u00e9rences &#8211; Universit\u00e9 de Tunis\u00a0<\/li>\n<li><span class=\"c3\"><strong>Haithem El Mir<\/strong><\/span>, chercheur et Technical Manager at Positive Technologies<\/li>\n<li><span class=\"c3\"><strong>Noomane Fehri<\/strong><\/span>, Cofounder &#038; CEO at Biatlabs (Founder 21st century Consulting)<\/li>\n<\/ul>\n<p>Auteur:<br \/>\n<a href=\"https:\/\/www.leaders.com.tn\/article\/27044-caid-essebsi-recevant-des-chercheurs-tunisiens-en-tics-et-ai-grace-a-cette-jeunesse-ambitieuse-et-exigeante-la-tunisie-s-en-sortira\">Cliquez ici pour lire l&rsquo;article depuis sa source.<\/a><\/p>\n","protected":false},"excerpt":{"rendered":"<p>\u00ab Tenez bon ! Ayez confiance en l\u2019avenir de la Tunisie. Il faut avoir de l&rsquo;endurance! On s\u2019en sortira et notre pays ne sera que meilleur ! \u00bb C\u2019est le message lanc\u00e9 par le pr\u00e9sident B\u00e9ji Ca\u00efd Essebsi \u00e0 un groupe de chercheurs tunisiens en technologies de l\u2019information et intelligence artificielle, pour la plupart \u00e9tablis [&hellip;]<\/p>\n","protected":false},"author":1772,"featured_media":0,"comment_status":"closed","ping_status":"closed","sticky":false,"template":"","format":"standard","meta":{"fifu_image_url":"","fifu_image_alt":"","footnotes":""},"categories":[73,55],"tags":[],"class_list":["post-31964","post","type-post","status-publish","format-standard","hentry","category-actualite","category-tunisie"],"_links":{"self":[{"href":"https:\/\/linitiative.ca\/International\/wp-json\/wp\/v2\/posts\/31964","targetHints":{"allow":["GET"]}}],"collection":[{"href":"https:\/\/linitiative.ca\/International\/wp-json\/wp\/v2\/posts"}],"about":[{"href":"https:\/\/linitiative.ca\/International\/wp-json\/wp\/v2\/types\/post"}],"author":[{"embeddable":true,"href":"https:\/\/linitiative.ca\/International\/wp-json\/wp\/v2\/users\/1772"}],"replies":[{"embeddable":true,"href":"https:\/\/linitiative.ca\/International\/wp-json\/wp\/v2\/comments?post=31964"}],"version-history":[{"count":0,"href":"https:\/\/linitiative.ca\/International\/wp-json\/wp\/v2\/posts\/31964\/revisions"}],"wp:attachment":[{"href":"https:\/\/linitiative.ca\/International\/wp-json\/wp\/v2\/media?parent=31964"}],"wp:term":[{"taxonomy":"category","embeddable":true,"href":"https:\/\/linitiative.ca\/International\/wp-json\/wp\/v2\/categories?post=31964"},{"taxonomy":"post_tag","embeddable":true,"href":"https:\/\/linitiative.ca\/International\/wp-json\/wp\/v2\/tags?post=31964"}],"curies":[{"name":"wp","href":"https:\/\/api.w.org\/{rel}","templated":true}]}}