{"id":31969,"date":"2019-05-03T06:15:43","date_gmt":"2019-05-03T10:15:43","guid":{"rendered":"https:\/\/linitiative.ca\/International\/assises-de-la-fiscalite-remue-meninges-autour-des-grands-axes-de-la-reforme-fiscale\/"},"modified":"2019-05-03T06:15:43","modified_gmt":"2019-05-03T10:15:43","slug":"assises-de-la-fiscalite-remue-meninges-autour-des-grands-axes-de-la-reforme-fiscale","status":"publish","type":"post","link":"https:\/\/linitiative.ca\/International\/assises-de-la-fiscalite-remue-meninges-autour-des-grands-axes-de-la-reforme-fiscale\/","title":{"rendered":"Assises de la fiscalit\u00e9\u00a0: Remue-m\u00e9ninges autour des grands axes de la r\u00e9forme fiscale"},"content":{"rendered":"<p>Les travaux des <strong>3\u00e8mes Assises nationales de la fiscalit\u00e9<\/strong> ont d\u00e9marr\u00e9 ce vendredi 3 mai \u00e0 Skhirat. La matin\u00e9e de cette premi\u00e8re journ\u00e9e a \u00e9t\u00e9 marqu\u00e9e par les interventions d\u2019un parterre de hauts responsables \u00e0 divers niveaux. Le Chef du gouvernement \u00e9tait entour\u00e9 de plusieurs de ses ministres dont notamment celui de l\u2019\u00c9conomie et des Finances, Mohamed Bencha\u00e2boun et le ministre d\u00e9l\u00e9gu\u00e9 aupr\u00e8s du ministre de l\u2019Int\u00e9rieur, Noureddine Boutayeb.<\/p>\n<div class=\"c10\"\/>\n<p>On note aussi, entre autres, la pr\u00e9sence du pr\u00e9sident de la Conf\u00e9d\u00e9ration g\u00e9n\u00e9rale des entreprises du Maroc (<strong>CGEM<\/strong>), Salaheddine Mezouar, du pr\u00e9sident du Conseil \u00e9conomique, social et environnemental (CESE), Ahmed Reda Chami, ou encore du \u00a0Commissaire europ\u00e9en en charge des Affaires \u00e9conomiques et financi\u00e8res, de la Fiscalit\u00e9 et des <strong>Douanes<\/strong>, Pierre Moscovici.\u00a0Le coup d\u2019envoi a \u00e9t\u00e9 donn\u00e9 par Sa\u00e2d-Eddine El Otmani, qui a mis l\u2019accent, entre autres, sur les orientations de l\u2019Ex\u00e9cutif en mati\u00e8re fiscale, et sur la r\u00e9forme \u00e0 venir du syst\u00e8me fiscal.<\/p>\n<p>\u00ab\u00a0La n\u00e9cessit\u00e9 d\u2019une <strong>r\u00e9vision globale et profonde du syst\u00e8me fiscal<\/strong> marocain en vue de le rendre plus \u00e9quitable et plus juste se pose. Les modifications continues du syst\u00e8me au fil des ann\u00e9es, intervenues en particulier lors de l\u2019\u00e9laboration de la loi des Finances pour faire face \u00e0 certains besoins urgents, ont engendr\u00e9 une absence d\u2019harmonie entre les diff\u00e9rentes dispositions fiscales\u00a0\u00bb, a-t-il soulign\u00e9, ajoutant que l\u2019Ex\u00e9cutif souhaite que ces assises donnent lieu \u00e0 des recommandations, orientations et propositions des diff\u00e9rentes opinions de la soci\u00e9t\u00e9 marocaine.<\/p>\n<p>Pour sa part, Mohamed Bencha\u00e2boun s\u2019est r\u00e9joui, dans son allocution, de constater qu\u2019un consensus national s\u2019est d\u00e9gag\u00e9, au-del\u00e0 des divergences, autour du diagnostic pos\u00e9. Le ministre a \u00e9tay\u00e9 ce diagnostic avec des statistiques tr\u00e8s \u00e9loquentes. \u00ab\u00a050% des recettes des trois principaux imp\u00f4ts proviennent uniquement de 140 <strong>entreprises<\/strong>. Pour l\u2019IR, 73% proviennent des recettes sur les salaires contre seulement 5% pour l\u2019<strong>IR professionnel<\/strong>. La contribution moyenne d\u2019un salari\u00e9 est 5 fois plus importante que celle d\u2019un professionnel. De m\u00eame, 3% des professionnels seulement paient 50% de l\u2019IR. A l\u2019\u00e9vidence, cette situation est en contradiction avec le principe d\u2019\u00e9quit\u00e9 fiscale, et devrait \u00eatre chang\u00e9e\u00a0\u00bb, a laiss\u00e9 entendre le ministre.<\/p>\n<p>Mohamed Bencha\u00e2boun a aussi pr\u00e9cis\u00e9 que l\u2019\u00e9largissement de l\u2019assiette fiscale permettra, entre autres, le r\u00e9am\u00e9nagement de l\u2019Imp\u00f4t sur le Revenu. Sur l\u2019IS, le ministre a fait remarquer que seulement 1% des entreprises paient 80% de l\u2019Imp\u00f4t sur les Soci\u00e9t\u00e9s.<\/p>\n<p>Notons que 84 entreprises paient 50% de l\u2019IS. Une situation qu\u2019a d\u2019ailleurs d\u00e9plor\u00e9 le ministre. De son c\u00f4t\u00e9, Ahmed R\u00e9da Chami, le pr\u00e9sident du CESE (<strong>Conseil \u00e9conomique social et environnemental<\/strong>), a aussi mis l\u2019accent sur plusieurs points parmi lesquels le manque de confiance entre l\u2019administration fiscale et le contribuable.<\/p>\n<p>\u00ab\u00a0Il faut de grandes ruptures pour lib\u00e9rer le potentiel de croissance de notre pays. <strong>Rupture<\/strong> avec la capacit\u00e9 formidable que nous avons de d\u00e9courager les initiatives. Rupture avec la m\u00e9fiance vis-\u00e0-vis des investisseurs, des contribuables et des citoyens en g\u00e9n\u00e9ral. Rupture avec l\u2019\u00e9conomie de rente et les passe-droits. Ruptures avec les modes de r\u00e9\u00e9valuation de l\u2019imp\u00f4t d\u00fb. Mais aussi rupture avec la sous-d\u00e9claration, l\u2019informel et toutes les formes d\u2019\u00e9vasion fiscale\u00a0\u00bb, a pr\u00f4n\u00e9 Ahmed R\u00e9da Chami. \u00ab\u00a0Et nous avons tous ici \u00e0 Skhirat la lourde t\u00e2che de proposer ces grandes ruptures. Des ruptures qui soient audacieuses et fondatrices d\u2019un syst\u00e8me fiscal r\u00e9form\u00e9 en profondeur et moteur du nouveau mod\u00e8le de d\u00e9veloppement. Il ne faut plus que notre syst\u00e8me fiscal soit un frein \u00e0 la comp\u00e9titivit\u00e9 et \u00e0 la cr\u00e9ation d\u2019emploi\u00a0\u00bb, a-t-il poursuivi.<\/p>\n<div class=\"c17\">\n<fieldset class=\"c16\">\n<legend><strong><span class=\"c11\">Challenge<\/span><span class=\"c12\">news<\/span><\/strong><\/legend>\n<div class=\"c15\">Le meilleur de la r\u00e9daction s\u00e9lectionn\u00e9 par Challenge :<\/p>\n<\/div>\n<\/fieldset>\n<\/div>\n<p>Auteur: Roland Amoussou<br \/>\n<a href=\"https:\/\/www.challenge.ma\/1ere-journee-des-assises-de-la-fiscalite-remue-meninges-autour-des-grands-axes-de-la-reforme-fiscale-108649\/\">Cliquez ici pour lire l&rsquo;article depuis sa source.<\/a><\/p>\n","protected":false},"excerpt":{"rendered":"<p>Les travaux des 3\u00e8mes Assises nationales de la fiscalit\u00e9 ont d\u00e9marr\u00e9 ce vendredi 3 mai \u00e0 Skhirat. La matin\u00e9e de cette premi\u00e8re journ\u00e9e a \u00e9t\u00e9 marqu\u00e9e par les interventions d\u2019un parterre de hauts responsables \u00e0 divers niveaux. Le Chef du gouvernement \u00e9tait entour\u00e9 de plusieurs de ses ministres dont notamment celui de l\u2019\u00c9conomie et des [&hellip;]<\/p>\n","protected":false},"author":1787,"featured_media":0,"comment_status":"closed","ping_status":"closed","sticky":false,"template":"","format":"standard","meta":{"fifu_image_url":"","fifu_image_alt":"","footnotes":""},"categories":[78,54],"tags":[],"class_list":["post-31969","post","type-post","status-publish","format-standard","hentry","category-economie","category-maroc"],"_links":{"self":[{"href":"https:\/\/linitiative.ca\/International\/wp-json\/wp\/v2\/posts\/31969","targetHints":{"allow":["GET"]}}],"collection":[{"href":"https:\/\/linitiative.ca\/International\/wp-json\/wp\/v2\/posts"}],"about":[{"href":"https:\/\/linitiative.ca\/International\/wp-json\/wp\/v2\/types\/post"}],"author":[{"embeddable":true,"href":"https:\/\/linitiative.ca\/International\/wp-json\/wp\/v2\/users\/1787"}],"replies":[{"embeddable":true,"href":"https:\/\/linitiative.ca\/International\/wp-json\/wp\/v2\/comments?post=31969"}],"version-history":[{"count":0,"href":"https:\/\/linitiative.ca\/International\/wp-json\/wp\/v2\/posts\/31969\/revisions"}],"wp:attachment":[{"href":"https:\/\/linitiative.ca\/International\/wp-json\/wp\/v2\/media?parent=31969"}],"wp:term":[{"taxonomy":"category","embeddable":true,"href":"https:\/\/linitiative.ca\/International\/wp-json\/wp\/v2\/categories?post=31969"},{"taxonomy":"post_tag","embeddable":true,"href":"https:\/\/linitiative.ca\/International\/wp-json\/wp\/v2\/tags?post=31969"}],"curies":[{"name":"wp","href":"https:\/\/api.w.org\/{rel}","templated":true}]}}