{"id":31970,"date":"2019-05-03T06:31:59","date_gmt":"2019-05-03T10:31:59","guid":{"rendered":"https:\/\/linitiative.ca\/International\/skhirat-ouverture-des-3emes-assises-nationales-de-la-fiscalite\/"},"modified":"2019-05-03T06:31:59","modified_gmt":"2019-05-03T10:31:59","slug":"skhirat-ouverture-des-3emes-assises-nationales-de-la-fiscalite","status":"publish","type":"post","link":"https:\/\/linitiative.ca\/International\/skhirat-ouverture-des-3emes-assises-nationales-de-la-fiscalite\/","title":{"rendered":"Skhirat: Ouverture des 3\u00e8mes Assises nationales de la Fiscalit\u00e9"},"content":{"rendered":"<p>Les travaux des 3\u00e8mes Assises nationales de la Fiscalit\u00e9 se sont ouverts, vendredi \u00e0 Skhirat, sous le th\u00e8me \u00ab\u00a0\u00c9quit\u00e9 fiscale\u00a0\u00bb.<\/p>\n<div class=\"c10\"\/>\n<p>La c\u00e9r\u00e9monie d\u2019ouverture de ces assises, plac\u00e9es sous le Haut patronage de SM le Roi Mohammed VI, est pr\u00e9sid\u00e9e par le Chef du gouvernement, Sa\u00e2d Dine El Otmani, le ministre de l\u2019\u00c9conomie et des finances, Mohamed Bencha\u00e2boun, le ministre d\u00e9l\u00e9gu\u00e9 aupr\u00e8s du ministre de l\u2019Int\u00e9rieur, Noureddine Boutayeb, le pr\u00e9sident de la Conf\u00e9d\u00e9ration g\u00e9n\u00e9rale des entreprises du Maroc (CGEM), Salaheddine Mezouar, et le pr\u00e9sident du Conseil \u00e9conomique, social et environnemental (CESE), Ahmed Reda Chami. Cet \u00e9v\u00e9nement permettra de d\u00e9finir les contours d\u2019un syst\u00e8me fiscal plus performant, transparent, \u00e9quitable et comp\u00e9titif reposant sur une assiette d\u2019imposition plus large et des taux moins \u00e9lev\u00e9s. Il consacrera les principes de l\u2019\u00c9tat de droit en mati\u00e8re de fiscalit\u00e9 et s\u2019inspirera des meilleures pratiques au niveau international.<\/p>\n<p>Lire aussi: <a href=\"https:\/\/www.challenge.ma\/assises-nationales-de-la-fiscalite-le-programme-108510\/\" target=\"_blank\" rel=\"noopener noreferrer\">Assises nationales de la fiscalit\u00e9 : le programme complet<\/a><\/p>\n<p>En outre, ces Assises constitueront un des \u00e9l\u00e9ments essentiels du mod\u00e8le de d\u00e9veloppement du Royaume visant une plus grande cr\u00e9ation de richesse, une croissance inclusive et la participation de chacun, dans une grande \u00e9quit\u00e9, \u00e0 l\u2019effort de d\u00e9veloppement du pays.<\/p>\n<p>Elles devront aussi tracer une feuille de route pour adapter le syst\u00e8me fiscal marocain aux normes et standards internationaux. Un grand nombre d\u2019acteurs ainsi que des experts fiscaux internationaux seront associ\u00e9s \u00e0 ces travaux.<\/p>\n<p>\u00c0 l\u2019issue de cet \u00e9v\u00e9nement, un projet de loi-cadre portant programmation des diff\u00e9rentes \u00e9tapes de la r\u00e9forme du syst\u00e8me fiscal national sera \u00e9labor\u00e9.<\/p>\n<div class=\"c17\">\n<fieldset class=\"c16\">\n<legend><strong><span class=\"c11\">Challenge<\/span><span class=\"c12\">news<\/span><\/strong><\/legend>\n<div class=\"c15\">Le meilleur de la r\u00e9daction s\u00e9lectionn\u00e9 par Challenge :<\/p>\n<\/div>\n<\/fieldset>\n<\/div>\n<p>Auteur: Hajar DARI<br \/>\n<a href=\"https:\/\/www.challenge.ma\/skhirat-ouverture-des-3emes-assises-nationales-de-la-fiscalite-108635\/\">Cliquez ici pour lire l&rsquo;article depuis sa source.<\/a><\/p>\n","protected":false},"excerpt":{"rendered":"<p>Les travaux des 3\u00e8mes Assises nationales de la Fiscalit\u00e9 se sont ouverts, vendredi \u00e0 Skhirat, sous le th\u00e8me \u00ab\u00a0\u00c9quit\u00e9 fiscale\u00a0\u00bb. La c\u00e9r\u00e9monie d\u2019ouverture de ces assises, plac\u00e9es sous le Haut patronage de SM le Roi Mohammed VI, est pr\u00e9sid\u00e9e par le Chef du gouvernement, Sa\u00e2d Dine El Otmani, le ministre de l\u2019\u00c9conomie et des finances, [&hellip;]<\/p>\n","protected":false},"author":1787,"featured_media":0,"comment_status":"closed","ping_status":"closed","sticky":false,"template":"","format":"standard","meta":{"fifu_image_url":"","fifu_image_alt":"","footnotes":""},"categories":[78,54],"tags":[],"class_list":["post-31970","post","type-post","status-publish","format-standard","hentry","category-economie","category-maroc"],"_links":{"self":[{"href":"https:\/\/linitiative.ca\/International\/wp-json\/wp\/v2\/posts\/31970","targetHints":{"allow":["GET"]}}],"collection":[{"href":"https:\/\/linitiative.ca\/International\/wp-json\/wp\/v2\/posts"}],"about":[{"href":"https:\/\/linitiative.ca\/International\/wp-json\/wp\/v2\/types\/post"}],"author":[{"embeddable":true,"href":"https:\/\/linitiative.ca\/International\/wp-json\/wp\/v2\/users\/1787"}],"replies":[{"embeddable":true,"href":"https:\/\/linitiative.ca\/International\/wp-json\/wp\/v2\/comments?post=31970"}],"version-history":[{"count":0,"href":"https:\/\/linitiative.ca\/International\/wp-json\/wp\/v2\/posts\/31970\/revisions"}],"wp:attachment":[{"href":"https:\/\/linitiative.ca\/International\/wp-json\/wp\/v2\/media?parent=31970"}],"wp:term":[{"taxonomy":"category","embeddable":true,"href":"https:\/\/linitiative.ca\/International\/wp-json\/wp\/v2\/categories?post=31970"},{"taxonomy":"post_tag","embeddable":true,"href":"https:\/\/linitiative.ca\/International\/wp-json\/wp\/v2\/tags?post=31970"}],"curies":[{"name":"wp","href":"https:\/\/api.w.org\/{rel}","templated":true}]}}