{"id":31973,"date":"2019-05-03T12:41:58","date_gmt":"2019-05-03T16:41:58","guid":{"rendered":"https:\/\/linitiative.ca\/International\/assises-fiscales-lancien-cotoie-le-nouveau\/"},"modified":"2019-05-03T12:41:58","modified_gmt":"2019-05-03T16:41:58","slug":"assises-fiscales-lancien-cotoie-le-nouveau","status":"publish","type":"post","link":"https:\/\/linitiative.ca\/International\/assises-fiscales-lancien-cotoie-le-nouveau\/","title":{"rendered":"Assises fiscales : L\u2019ancien c\u00f4toie le nouveau"},"content":{"rendered":"<p>Apr\u00e8s le discours du Chef du gouvernement, l\u2019ouverture des assises fiscales a permis de d\u00e9tecter cette coexistence difficile mais possible entre deux g\u00e9n\u00e9rations de responsables publics.<\/p>\n<div class=\"c10\"\/>\n<p>A c\u00f4t\u00e9 du jeune Ministre des Finances et de l\u2019Economie actuel, Mohamed Bencha\u00e2boune, Mohamed Berrada, qui a \u00e9t\u00e9 l\u2019un des t\u00e9moins et des auteurs directs de r\u00e9forme fiscale des ann\u00e9es 1980, d\u00e9sign\u00e9 pour pr\u00e9sider les travaux pr\u00e9paratoires du \u00ab\u00a0comit\u00e9 scientifique\u00a0\u00bb, a longuement pr\u00e9sent\u00e9 le processus de pr\u00e9paration des assises qui a abouti \u00e0 la collecte de plus de 170 recommandations \u00e9manant de plusieurs acteurs.<\/p>\n<p>Le ministre des Finances n\u2019a pas h\u00e9sit\u00e9 \u00e0 brosser un premier tableau pour souligner l\u2019urgence d\u2019une remise \u00e0 plat du syst\u00e8me fiscal actuel. A peine 150 grandes entreprises paient plus de 50% de l\u2019IS. Il en est de m\u00eame en mati\u00e8re de TVA. Deux tiers des entreprises d\u00e9clarent des d\u00e9ficits chroniques. 73% des recettes IR proviennent de l\u2019IR pr\u00e9lev\u00e9 \u00e0 la source.\u00a0 D\u2019o\u00f9 le titre choisi pour les assises \u00ab Equit\u00e9 fiscale\u00a0\u00bb.<\/p>\n<p>Mettre \u00e0 plat le syst\u00e8me fiscal devrait \u00eatre le principal objectif partag\u00e9 pour sortir avec une loi-cadre, en vue de renforcer la visibilit\u00e9 en mati\u00e8re de politique fiscale, tout en l\u2019articulant \u00e0 l\u2019ensemble des politiques publiques. Un nouveau rendez-vous historique \u00e0 ne pas manquer.<\/p>\n<div class=\"c17\">\n<fieldset class=\"c16\">\n<legend><strong><span class=\"c11\">Challenge<\/span><span class=\"c12\">news<\/span><\/strong><\/legend>\n<div class=\"c15\">Le meilleur de la r\u00e9daction s\u00e9lectionn\u00e9 par Challenge :<\/p>\n<\/div>\n<\/fieldset>\n<\/div>\n<p>Auteur: Hassan Manyani<br \/>\n<a href=\"https:\/\/www.challenge.ma\/assises-fiscales-lancien-cotoie-le-nouveau-108665\/\">Cliquez ici pour lire l&rsquo;article depuis sa source.<\/a><\/p>\n","protected":false},"excerpt":{"rendered":"<p>Apr\u00e8s le discours du Chef du gouvernement, l\u2019ouverture des assises fiscales a permis de d\u00e9tecter cette coexistence difficile mais possible entre deux g\u00e9n\u00e9rations de responsables publics. A c\u00f4t\u00e9 du jeune Ministre des Finances et de l\u2019Economie actuel, Mohamed Bencha\u00e2boune, Mohamed Berrada, qui a \u00e9t\u00e9 l\u2019un des t\u00e9moins et des auteurs directs de r\u00e9forme fiscale des [&hellip;]<\/p>\n","protected":false},"author":1787,"featured_media":0,"comment_status":"closed","ping_status":"closed","sticky":false,"template":"","format":"standard","meta":{"fifu_image_url":"","fifu_image_alt":"","footnotes":""},"categories":[78,54],"tags":[],"class_list":["post-31973","post","type-post","status-publish","format-standard","hentry","category-economie","category-maroc"],"_links":{"self":[{"href":"https:\/\/linitiative.ca\/International\/wp-json\/wp\/v2\/posts\/31973","targetHints":{"allow":["GET"]}}],"collection":[{"href":"https:\/\/linitiative.ca\/International\/wp-json\/wp\/v2\/posts"}],"about":[{"href":"https:\/\/linitiative.ca\/International\/wp-json\/wp\/v2\/types\/post"}],"author":[{"embeddable":true,"href":"https:\/\/linitiative.ca\/International\/wp-json\/wp\/v2\/users\/1787"}],"replies":[{"embeddable":true,"href":"https:\/\/linitiative.ca\/International\/wp-json\/wp\/v2\/comments?post=31973"}],"version-history":[{"count":0,"href":"https:\/\/linitiative.ca\/International\/wp-json\/wp\/v2\/posts\/31973\/revisions"}],"wp:attachment":[{"href":"https:\/\/linitiative.ca\/International\/wp-json\/wp\/v2\/media?parent=31973"}],"wp:term":[{"taxonomy":"category","embeddable":true,"href":"https:\/\/linitiative.ca\/International\/wp-json\/wp\/v2\/categories?post=31973"},{"taxonomy":"post_tag","embeddable":true,"href":"https:\/\/linitiative.ca\/International\/wp-json\/wp\/v2\/tags?post=31973"}],"curies":[{"name":"wp","href":"https:\/\/api.w.org\/{rel}","templated":true}]}}