{"id":31990,"date":"2019-05-03T16:50:31","date_gmt":"2019-05-03T20:50:31","guid":{"rendered":"https:\/\/linitiative.ca\/International\/tunisie-la-guerre-des-clans-de-nidaa-tounes-eclabousse-le-ministre-mahfoudh\/"},"modified":"2019-05-03T16:50:31","modified_gmt":"2019-05-03T20:50:31","slug":"tunisie-la-guerre-des-clans-de-nidaa-tounes-eclabousse-le-ministre-mahfoudh","status":"publish","type":"post","link":"https:\/\/linitiative.ca\/International\/tunisie-la-guerre-des-clans-de-nidaa-tounes-eclabousse-le-ministre-mahfoudh\/","title":{"rendered":"Tunisie \u2013 La guerre des clans de Nidaa Tounes \u00e9clabousse le ministre Mahfoudh"},"content":{"rendered":"<div class=\"post-cont-in left relative\">\n<p>Le ministre charg\u00e9 des droits de l\u2019Homme, des instances constitutionnelles et des partis, Mohamed Fadhel Mahfoudh s\u2019est retrouv\u00e9, aujourd\u2019hui, incrust\u00e9 dans la guerre des clans qui divise depuis le dernier congr\u00e8s, le parti Nidaa Tounes.<\/p>\n<p>En effet, Sofi\u00e8ne Toubal, pr\u00e9sident du comit\u00e9 central de Nidaa Tounes, version Hammamet, a annonc\u00e9 \u00e0 des m\u00e9dias que le ministre Mahfoudh a reconnu le clan de Toubel et Cie, comme repr\u00e9sentant officiel et l\u00e9gal de Nidaa Tounes.<\/p>\n<div class=\"code-block code-block-1 c3\"><ins class=\"adsbygoogle c2\" data-ad-layout=\"in-article\" data-ad-format=\"fluid\" data-ad-client=\"ca-pub-2102118777505746\" data-ad-slot=\"7301775417\"\/> <\/div>\n<p>Mais comme il n\u2019y a aucun document \u00e9manant du ministre ou de son cabinet n\u2019est venu \u00e9tayer cette d\u00e9claration de Toubel, c\u2019est la r\u00e9action instantan\u00e9e et vice de l\u2019autre clan, celui de Hafed Caied Essebsi, qui a donn\u00e9 de la cr\u00e9dibilit\u00e9 aux d\u00e9clarations de Toubel, quand HCE, en personne, est mont\u00e9 au cr\u00e9neau, pour d\u00e9noncer l\u2019ing\u00e9rence du gouvernement dans des affaires purement internes aux partis. Et pour d\u00e9montrer le tort de cette position, HCE a rappel\u00e9 au ministre Mahfoudh comment, il avait respect\u00e9 sa neutralit\u00e9 un mois auparavant, quand il a repouss\u00e9 une requ\u00eate similaire \u00e9manant de Ridha Belhaj.<\/p>\n<p><img loading=\"lazy\" decoding=\"async\" class=\"aligncenter wp-image-432372\" src=\"https:\/\/www.tunisienumerique.com\/wp-content\/uploads\/2019\/05\/haffa.jpg\" alt=\"\" width=\"616\" height=\"275\"\/><\/p>\n<p><img loading=\"lazy\" decoding=\"async\" class=\"aligncenter size-full wp-image-432373\" src=\"https:\/\/www.tunisienumerique.com\/wp-content\/uploads\/2019\/05\/belhaj.jpg\" alt=\"\" width=\"679\" height=\"960\" srcset=\"https:\/\/www.tunisienumerique.com\/wp-content\/uploads\/2019\/05\/belhaj.jpg 679w, https:\/\/www.tunisienumerique.com\/wp-content\/uploads\/2019\/05\/belhaj-600x848.jpg 600w\" sizes=\"auto, (max-width: 679px) 100vw, 679px\"\/><\/p>\n<div class=\"mvp-org-wrap mvp-org-logo\" itemprop=\"publisher\" itemscope=\"\" itemtype=\"https:\/\/schema.org\/Organization\"><img decoding=\"async\" src=\"https:\/\/www.tunisienumerique.com\/wp-content\/uploads\/2017\/02\/logo_tunisie_numerique.png\"\/><\/div>\n<div class=\"mvp-related-posts left relative\">\n<h4 class=\"post-header\"><span class=\"post-header\">Lire aussi<\/span><\/h4>\n<\/div>\n<\/div>\n<p>Auteur: LM<br \/>\n<a href=\"https:\/\/www.tunisienumerique.com\/tunisie-la-guerre-des-clans-de-nidaa-tounes-eclabousse-le-ministre-mahfoudh\/\">Cliquez ici pour lire l&rsquo;article depuis sa source.<\/a><\/p>\n","protected":false},"excerpt":{"rendered":"<p>Le ministre charg\u00e9 des droits de l\u2019Homme, des instances constitutionnelles et des partis, Mohamed Fadhel Mahfoudh s\u2019est retrouv\u00e9, aujourd\u2019hui, incrust\u00e9 dans la guerre des clans qui divise depuis le dernier congr\u00e8s, le parti Nidaa Tounes. En effet, Sofi\u00e8ne Toubal, pr\u00e9sident du comit\u00e9 central de Nidaa Tounes, version Hammamet, a annonc\u00e9 \u00e0 des m\u00e9dias que le [&hellip;]<\/p>\n","protected":false},"author":1789,"featured_media":31991,"comment_status":"closed","ping_status":"closed","sticky":false,"template":"","format":"standard","meta":{"fifu_image_url":"","fifu_image_alt":"","footnotes":""},"categories":[73,55],"tags":[],"class_list":["post-31990","post","type-post","status-publish","format-standard","has-post-thumbnail","hentry","category-actualite","category-tunisie"],"_links":{"self":[{"href":"https:\/\/linitiative.ca\/International\/wp-json\/wp\/v2\/posts\/31990","targetHints":{"allow":["GET"]}}],"collection":[{"href":"https:\/\/linitiative.ca\/International\/wp-json\/wp\/v2\/posts"}],"about":[{"href":"https:\/\/linitiative.ca\/International\/wp-json\/wp\/v2\/types\/post"}],"author":[{"embeddable":true,"href":"https:\/\/linitiative.ca\/International\/wp-json\/wp\/v2\/users\/1789"}],"replies":[{"embeddable":true,"href":"https:\/\/linitiative.ca\/International\/wp-json\/wp\/v2\/comments?post=31990"}],"version-history":[{"count":0,"href":"https:\/\/linitiative.ca\/International\/wp-json\/wp\/v2\/posts\/31990\/revisions"}],"wp:featuredmedia":[{"embeddable":true,"href":"https:\/\/linitiative.ca\/International\/wp-json\/"}],"wp:attachment":[{"href":"https:\/\/linitiative.ca\/International\/wp-json\/wp\/v2\/media?parent=31990"}],"wp:term":[{"taxonomy":"category","embeddable":true,"href":"https:\/\/linitiative.ca\/International\/wp-json\/wp\/v2\/categories?post=31990"},{"taxonomy":"post_tag","embeddable":true,"href":"https:\/\/linitiative.ca\/International\/wp-json\/wp\/v2\/tags?post=31990"}],"curies":[{"name":"wp","href":"https:\/\/api.w.org\/{rel}","templated":true}]}}