{"id":31996,"date":"2019-05-02T17:56:14","date_gmt":"2019-05-02T21:56:14","guid":{"rendered":"https:\/\/linitiative.ca\/International\/angela-merkel-aux-burkinabe-il-faut-dire-non-a-la-division\/"},"modified":"2019-05-02T17:56:14","modified_gmt":"2019-05-02T21:56:14","slug":"angela-merkel-aux-burkinabe-il-faut-dire-non-a-la-division","status":"publish","type":"post","link":"https:\/\/linitiative.ca\/International\/angela-merkel-aux-burkinabe-il-faut-dire-non-a-la-division\/","title":{"rendered":"Angela Merkel aux Burkinab\u00e8 : \u00abIl faut dire non \u00e0 la division\u00bb"},"content":{"rendered":"<div class=\"td-post-featured-image\"><a href=\"https:\/\/i1.wp.com\/www.sidwaya.info\/wp-content\/uploads\/2019\/05\/a-1.jpg?fit=797%2C532&#038;ssl=1\" data-caption=\"\"><img loading=\"lazy\" decoding=\"async\" width=\"696\" height=\"465\" class=\"entry-thumb td-modal-image\" src=\"https:\/\/i1.wp.com\/www.sidwaya.info\/wp-content\/uploads\/2019\/05\/a-1.jpg?resize=696%2C465&#038;ssl=1\" srcset=\"https:\/\/i1.wp.com\/www.sidwaya.info\/wp-content\/uploads\/2019\/05\/a-1.jpg?w=797&#038;ssl=1 797w, https:\/\/i1.wp.com\/www.sidwaya.info\/wp-content\/uploads\/2019\/05\/a-1.jpg?resize=300%2C200&#038;ssl=1 300w, https:\/\/i1.wp.com\/www.sidwaya.info\/wp-content\/uploads\/2019\/05\/a-1.jpg?resize=768%2C513&#038;ssl=1 768w, https:\/\/i1.wp.com\/www.sidwaya.info\/wp-content\/uploads\/2019\/05\/a-1.jpg?resize=696%2C465&#038;ssl=1 696w, https:\/\/i1.wp.com\/www.sidwaya.info\/wp-content\/uploads\/2019\/05\/a-1.jpg?resize=629%2C420&#038;ssl=1 629w\" sizes=\"auto, (max-width: 696px) 100vw, 696px\" alt=\"\" title=\"a\"\/><\/a><\/div>\n<div class=\"td-a-rec td-a-rec-id-content_top td_uid_30_5cccb635eb215_rand td_block_template_1\"><img loading=\"lazy\" decoding=\"async\" class=\"aligncenter size-full wp-image-4463\" src=\"https:\/\/www.sidwaya.info\/wp-content\/uploads\/2019\/02\/FESPACO-TOUR-2019-Bannie%CC%80re-728x90-1.jpg\" alt=\"\" width=\"728\" height=\"90\"\/><\/div>\n<p><strong>En s\u00e9jour \u00e0 Ouagadougou, la Chanceli\u00e8re allemande, Angela Merkel, a \u00e9chang\u00e9, le jeudi 2 mai 2019, avec les \u00e9tudiants de l\u2019universit\u00e9 Joseph-Ki-Zerbo.<\/strong><\/p>\n<p>Durant 40 minutes, la Chanceli\u00e8re allemande, Angela Merkel, a eu des \u00e9changes sans langue de bois avec les \u00e9tudiants de l\u2019universit\u00e9 Joseph-Ki-Zerbo, le jeudi 2 mai 2019 \u00e0 Ouagadougou. Les discussions ont port\u00e9 principalement sur la s\u00e9curit\u00e9, le d\u00e9veloppement, la coop\u00e9ration au niveau de l\u2019\u00e9ducation et la situation de la femme au Burkina Faso. R\u00e9pondant \u00e0 la question d\u2019un \u00e9tudiant sur la provenance des armes des terroristes, elle a affirm\u00e9 que beaucoup d\u2019armes proviennent de la Libye. \u00abL\u2019Allemagne n\u2019exporte pas d\u2019armes dans ce pays. Malheureusement, beaucoup d\u2019armes y circulent de fa\u00e7on ill\u00e9gale. C\u2019est pourquoi, nous devons trouver une solution pour la Libye. Il faut que les arm\u00e9es africaines soient bien \u00e9quip\u00e9es\u00bb, a soulign\u00e9 Mme Merkel. Elle a poursuivi que la \u00abd\u00e9gradation\u00bb de la situation s\u00e9curitaire au Burkina Faso est li\u00e9e partiellement \u00e0 la crise en Libye. \u00abDans ce pays, il y a un Etat fragile. Voil\u00e0 pourquoi c\u2019est une zone o\u00f9 proviennent beaucoup d\u2019armes\u00bb, a relev\u00e9 la Chanceli\u00e8re.<\/p>\n<p><strong>\u00abNous reconnaissons notre responsabilit\u00e9 en Libye\u00bb<\/strong><\/p>\n<p>Pour vaincre les \u00abforces du mal\u00bb, a-t-elle indiqu\u00e9, il faut que la force conjointe du G5 Sahel et particuli\u00e8rement l\u2019arm\u00e9e burkinab\u00e8 soit mieux \u00e9quip\u00e9e pour affronter les terroristes.<br \/>Quant \u00e0 la question de savoir si l\u2019Allemagne reconnaissait sa responsabilit\u00e9 dans la d\u00e9t\u00e9rioration de la situation militaire en Libye, elle a r\u00e9pondu par l\u2019affirmative. En effet, Mme Merkel a reconnu la responsabilit\u00e9 de son pays, parce qu\u2019il a vot\u00e9 pour une intervention militaire en Libye en soutien \u00e0 son alli\u00e9 fran\u00e7ais. Une intervention qui, selon elle, avait \u00e9t\u00e9 d\u00e9cri\u00e9e par l\u2019Union africaine. \u00abNous reconnaissons notre part de responsabilit\u00e9 dans la situation actuelle en Libye. L\u2019Union africaine nous avait d\u00e9conseill\u00e9 une intervention militaire \u00e0 l\u2019\u00e9poque\u00bb, s\u2019est-elle confess\u00e9e.<\/p>\n<p>Pour ce qui concerne le domaine \u00e9ducatif, la Chanceli\u00e8re a rassur\u00e9 qu\u2019elle va \u0153uvrer \u00e0 trouver davantage d\u2019universit\u00e9s allemandes partenaires pour le Burkina Faso. \u00abIl existe d\u00e9j\u00e0 des partenariats entre les universit\u00e9s allemandes et celles du Burkina. Peut-\u00eatre qu\u2019on trouvera encore d\u2019autres partenariats entre les diff\u00e9rentes universit\u00e9s, parce que ce sont ces partenariats qui permettent d\u2019organiser des \u00e9changes entre les chercheurs. Cela ouvre aussi des opportunit\u00e9s de formation\u00bb, a affirm\u00e9 Angela Merkel. En r\u00e9ponse \u00e0 un \u00e9tudiant qui a d\u00e9plor\u00e9 le fait que le baccalaur\u00e9at (BAC) burkinab\u00e8 ne soit pas reconnu en Allemagne, la Chanceli\u00e8re a fait savoir que m\u00eame le BAC fran\u00e7ais n\u2019est pas accept\u00e9 dans son pays. \u00abCe que nous pouvons faire, c\u2019est de travailler avec l\u2019institut Goethe ou le service d\u2019\u00e9changes universitaires allemand pour voir les diff\u00e9rences les plus importantes afin d\u2019avoir une \u00e9galit\u00e9 au niveau de la reconnaissance des dipl\u00f4mes\u00bb, a-t-elle propos\u00e9.<\/p>\n<p><strong>Se r\u00e9concilier<\/strong><\/p>\n<p>A la question de savoir quelle le\u00e7on donn\u00e9e au peuple burkinab\u00e9 pour sortir de la crise qu\u2019elle vit actuellement, la dirigeante a d\u00e9clar\u00e9 que le pays des Hommes int\u00e8gres a une soci\u00e9t\u00e9 civile \u00abtr\u00e8s forte\u00bb. C\u2019est pourquoi pour elle, la soci\u00e9t\u00e9 civile et les populations doivent s\u2019impliquer dans l\u2019instauration d\u2019une v\u00e9ritable politique de d\u00e9veloppement. D\u00e9j\u00e0, elle a encourag\u00e9 le peuple \u00e0 se r\u00e9concilier et \u00e0 se tourner vers l\u2019avenir. Mme Merkel a d\u00e9plor\u00e9 le fait qu\u2019au Burkina Faso, les terroristes soient arriv\u00e9s \u00e0 monter les communaut\u00e9s les unes contre les autres. \u00abIl faut \u00eatre tol\u00e9rant, ne jamais croire qu\u2019une ethnie est sup\u00e9rieure \u00e0 l\u2019autre. Il faut dire non \u00e0 cette division que veulent semer les terroristes entre les ethnies. Il fut un temps o\u00f9 la France et l\u2019Allemagne \u00e9taient consid\u00e9r\u00e9es comme des ennemis naturels. Mais nous sommes arriv\u00e9s \u00e0 surmonter ce sentiment pour cheminer ensemble dans l\u2019Union europ\u00e9enne\u00bb, a rapport\u00e9 Angela Merkel.<\/p>\n<p>A propos de la politique de d\u00e9veloppement, elle a indiqu\u00e9 que c\u2019est la premi\u00e8re fois qu\u2019un Chancelier allemand visite le Burkina Faso. Pour elle, cela est la preuve que l\u2019Allemagne s\u2019int\u00e9resse \u00e0 l\u2019Afrique de l\u2019Ouest tout comme la France. Et d\u2019ajouter que Paris et Berlin sont compl\u00e9mentaires. Elle a aussi soutenu que son pays mise plus sur le d\u00e9veloppement. \u00abNous nous concentrons sur l\u2019\u00e9ducation, l\u2019agriculture, le secteur de l\u2019eau et la r\u00e9habilitation des sols. Nous sommes moins pr\u00e9sents dans le domaine de la s\u00e9curit\u00e9. Mais nous sommes en train de renforcer notre pr\u00e9sence dans la zone\u00bb, a-t-elle pr\u00e9cis\u00e9.<\/p>\n<p><strong>Des hommes plus responsables<\/strong><\/p>\n<p>Pour ce qui est de la situation de la femme au Burkina Faso, la Chanceli\u00e8re pense qu\u2019il faut avoir un \u00e9quilibre entre les hommes et les femmes. Pour elle, ce juste milieu s\u2019impose partout dans le monde et au Burkina Faso. \u00abJ\u2019ai \u00e9chang\u00e9 avec les repr\u00e9sentants d\u2019organisations non gouvernementales engag\u00e9s dans la d\u00e9fense des droits de la femme. Je me f\u00e9licite de l\u2019existence du droit de vote, avec les quotas qui stipulent qu\u2019il doit y avoir 30% de femmes sur les listes\u00bb, s\u2019est-elle r\u00e9jouie.<br \/>A l\u2019entendre, les femmes doivent s\u2019int\u00e9resser aux sciences appliqu\u00e9es telle la physique et aux m\u00e9tiers classiques. Pour y arriver, elle estime qu\u2019il faut que les hommes changent de mentalit\u00e9. Cela suppose, selon elle, que ces derniers doivent \u00eatre pr\u00eats \u00e0 assumer plus de responsabilit\u00e9s au sein de la famille.<\/p>\n<p class=\"c1\"><strong>Wamini Micheline OUEDRAOGO<\/strong><\/p>\n<div class=\"td-a-rec td-a-rec-id-content_bottom td_uid_31_5cccb635eb492_rand td_block_template_1\"><img loading=\"lazy\" decoding=\"async\" class=\"alignright size-full wp-image-1724\" src=\"https:\/\/www.sidwaya.info\/wp-content\/uploads\/2018\/12\/sidwaya-pub.jpg\" alt=\"\" width=\"720\" height=\"90\"\/><\/div>\n<p>Auteur: JK. Sidwaya<br \/>\n<a href=\"https:\/\/www.sidwaya.info\/blog\/2019\/05\/02\/angela-merkel-aux-burkinabe-il-faut-dire-non-a-la-division\/\">Cliquez ici pour lire l&rsquo;article depuis sa source.<\/a><\/p>\n","protected":false},"excerpt":{"rendered":"<p>En s\u00e9jour \u00e0 Ouagadougou, la Chanceli\u00e8re allemande, Angela Merkel, a \u00e9chang\u00e9, le jeudi 2 mai 2019, avec les \u00e9tudiants de l\u2019universit\u00e9 Joseph-Ki-Zerbo. Durant 40 minutes, la Chanceli\u00e8re allemande, Angela Merkel, a eu des \u00e9changes sans langue de bois avec les \u00e9tudiants de l\u2019universit\u00e9 Joseph-Ki-Zerbo, le jeudi 2 mai 2019 \u00e0 Ouagadougou. Les discussions ont port\u00e9 [&hellip;]<\/p>\n","protected":false},"author":1816,"featured_media":0,"comment_status":"closed","ping_status":"closed","sticky":false,"template":"","format":"standard","meta":{"fifu_image_url":"","fifu_image_alt":"","footnotes":""},"categories":[73,81],"tags":[],"class_list":["post-31996","post","type-post","status-publish","format-standard","hentry","category-actualite","category-burkina-faso"],"_links":{"self":[{"href":"https:\/\/linitiative.ca\/International\/wp-json\/wp\/v2\/posts\/31996","targetHints":{"allow":["GET"]}}],"collection":[{"href":"https:\/\/linitiative.ca\/International\/wp-json\/wp\/v2\/posts"}],"about":[{"href":"https:\/\/linitiative.ca\/International\/wp-json\/wp\/v2\/types\/post"}],"author":[{"embeddable":true,"href":"https:\/\/linitiative.ca\/International\/wp-json\/wp\/v2\/users\/1816"}],"replies":[{"embeddable":true,"href":"https:\/\/linitiative.ca\/International\/wp-json\/wp\/v2\/comments?post=31996"}],"version-history":[{"count":0,"href":"https:\/\/linitiative.ca\/International\/wp-json\/wp\/v2\/posts\/31996\/revisions"}],"wp:attachment":[{"href":"https:\/\/linitiative.ca\/International\/wp-json\/wp\/v2\/media?parent=31996"}],"wp:term":[{"taxonomy":"category","embeddable":true,"href":"https:\/\/linitiative.ca\/International\/wp-json\/wp\/v2\/categories?post=31996"},{"taxonomy":"post_tag","embeddable":true,"href":"https:\/\/linitiative.ca\/International\/wp-json\/wp\/v2\/tags?post=31996"}],"curies":[{"name":"wp","href":"https:\/\/api.w.org\/{rel}","templated":true}]}}