{"id":32001,"date":"2019-05-03T14:50:03","date_gmt":"2019-05-03T18:50:03","guid":{"rendered":"https:\/\/linitiative.ca\/International\/des-soudanais-determines-a-manifester-meme-pendant-le-ramadan\/"},"modified":"2019-05-03T14:50:03","modified_gmt":"2019-05-03T18:50:03","slug":"des-soudanais-determines-a-manifester-meme-pendant-le-ramadan","status":"publish","type":"post","link":"https:\/\/linitiative.ca\/International\/des-soudanais-determines-a-manifester-meme-pendant-le-ramadan\/","title":{"rendered":"Des Soudanais d\u00e9termin\u00e9s \u00e0 manifester m\u00eame pendant le ramadan"},"content":{"rendered":"<div readability=\"32\">\n<p>Publi\u00e9 le 03.05.2019 \u00e0 19h50 par AFP<\/p>\n<\/div>\n<div readability=\"135\">\n<p>Ahmed Hamid, 21 ans, se dit plus d\u00e9termin\u00e9 que jamais: malgr\u00e9 le je\u00fbne du ramadan, \u00e9puisant pour le corps avec des temp\u00e9ratures caniculaires, il manifestera sans rel\u00e2che pour que l\u2019arm\u00e9e c\u00e8de le pouvoir aux civils au Soudan.<\/p>\n<p>Le 6 avril, apr\u00e8s plus de trois mois de manifestations d\u00e9clench\u00e9es par la hausse du prix du pain, de nombreux Soudanais ont commenc\u00e9 \u00e0 camper devant le QG de l\u2019arm\u00e9e dans la capitale Khartoum pour r\u00e9clamer un changement de r\u00e9gime.<\/p>\n<p>Malgr\u00e9 le d\u00e9part du pr\u00e9sident Omar el-B\u00e9chir, le 11 avril, apr\u00e8s 30 ans au pouvoir, ils n\u2019ont pas mis fin \u00e0 leur sit-in et demandent d\u00e9sormais aux militaires ayant pris les r\u00eanes du pays de laisser place \u00e0 une autorit\u00e9 civile de transition.<\/p>\n<p>\u00ab\u00a0Nous avons coup\u00e9 la t\u00eate (du r\u00e9gime), mais une partie du corps est toujours l\u00e0\u00a0\u00bb, a d\u00e9clar\u00e9 \u00e0 l\u2019AFP Ahmed vendredi, sur un site d\u00e9bordant de monde \u00e0 l\u2019occasion de la pri\u00e8re du vendredi.<\/p>\n<p>\u00ab\u00a0Nous resterons ici pour le je\u00fbne du ramadan et m\u00eame apr\u00e8s le ramadan jusqu\u2019\u00e0 ce qu\u2019on r\u00e9ponde \u00e0 nos demandes\u00a0\u00bb, poursuit le jeune manifestant.<\/p>\n<p>Le Conseil militaire de transition qui a pris le pouvoir a jusqu\u2019ici refus\u00e9 de le c\u00e9der \u00e0 une administration civile.<\/p>\n<p>Un accord trouv\u00e9 pour former un Conseil conjoint comprenant militaires et civils ne s\u2019est pour l\u2019instant pas concr\u00e9tis\u00e9, les deux camps se disputant sur sa composition.<\/p>\n<p>D\u00e9termin\u00e9s \u00e0 ne pas se laisser confisquer leur r\u00e9volution, les manifestants se disent d\u00e9termin\u00e9s \u00e0 poursuivre leur mouvement.<\/p>\n<p>\u2013 Honneur \u2013<\/p>\n<p>Sous un soleil de plomb, ils ont particip\u00e9 en nombre \u00e0 la traditionnelle pri\u00e8re du vendredi \u00e0 l\u2019endroit du sit-in.<\/p>\n<p>\u00ab\u00a0Les gens ne devraient pas oublier les martyrs, nous devons continuer \u00e0 participer aux rassemblements qui nous permettent de rester unis\u00a0\u00bb, lance un imam, pr\u00eachant depuis le toit d\u2019un petit camion. Un fid\u00e8le tient un parapluie au-dessus de sa t\u00eate pour le prot\u00e9ger du soleil.<\/p>\n<p><ins data-revive-zoneid=\"9\" data-revive-id=\"10111e19d28d19d031742ee3b0b33eb0\"\/> <\/p>\n<p>Depuis d\u00e9cembre, au moins 65 personnes ont \u00e9t\u00e9 tu\u00e9es dans les violences li\u00e9es aux manifestations, selon des responsables.<\/p>\n<p>\u00ab\u00a0Libert\u00e9, paix, justice\u00a0\u00bb: entonnant les slogans du mouvement de protestation qui a permis de chasser Omar el-B\u00e9chir du pouvoir, des centaines de manifestants font le V de la victoire.<\/p>\n<p>Des volontaires, dont de nombreux adolescents, aspergent d\u2019eau les participants pour les rafra\u00eechir alors que le thermom\u00e8tre affiche 43 degr\u00e9s Celsius.<\/p>\n<p>D\u2019autres offrent de l\u2019eau depuis une camionnette faisant le tour du lieu pour fournir des tapis de pri\u00e8re.<\/p>\n<p>\u00ab\u00a0Sans le moindre doute, je resterai jusqu\u2019\u00e0 ce qu\u2019un gouvernement civil soit form\u00e9\u00a0\u00bb, confie Awad Mohamed Awad qui dit camper devant le QG de l\u2019arm\u00e9e depuis la chute du pr\u00e9sident B\u00e9chir.<\/p>\n<p>\u00ab\u00a0Je suis ici et je je\u00fbnerai ici pour le ramadan\u00a0\u00bb, poursuit cet avocat, les \u00e9paules recouvertes d\u2019un drapeau soudanais.<\/p>\n<p>Les manifestants disent avoir d\u00e9j\u00e0 un plan pour organiser la p\u00e9riode du ramadan, que ce soit durant la journ\u00e9e o\u00f9 les musulmans ne mangent ni ne boivent ou la nuit pour la rupture du je\u00fbne.<\/p>\n<p>\u00ab\u00a0Je\u00fbner \u00e0 c\u00f4t\u00e9 du si\u00e8ge de l\u2019arm\u00e9e dans la chaleur c\u2019est la moindre des choses que nous pouvons faire pour obtenir ce que nous voulons\u00a0\u00bb, dit Jaafar Wad al-Rif, un des protestataires.<\/p>\n<p>Certains manifestants affirment \u00eatre pr\u00eats \u00e0 rester l\u00e0 des mois.<\/p>\n<p>\u00ab\u00a0Nous resterons durant le ramadan, apr\u00e8s le ramadan et jusqu\u2019\u00e0 l\u2019A\u00efd al-Adha\u00a0\u00bb, une f\u00eate musulmane pr\u00e9vue au mois d\u2019ao\u00fbt, lance Salaheddine Dafallah, employ\u00e9 dans une compagnie mini\u00e8re. Voire m\u00eame plus tard: \u00ab\u00a0S\u2019ils ne r\u00e9pondent pas \u00e0 nos demandes, le sit-in ne pourra pas \u00eatre dispers\u00e9\u00a0\u00bb.<\/p>\n<\/div>\n<p>Auteur: AFP<br \/>\n<a href=\"https:\/\/www.journalducameroun.com\/fr\/des-soudanais-determines-a-manifester-meme-pendant-le-ramadan\/\">Cliquez ici pour lire l&rsquo;article depuis sa source.<\/a><\/p>\n","protected":false},"excerpt":{"rendered":"<p>Publi\u00e9 le 03.05.2019 \u00e0 19h50 par AFP Ahmed Hamid, 21 ans, se dit plus d\u00e9termin\u00e9 que jamais: malgr\u00e9 le je\u00fbne du ramadan, \u00e9puisant pour le corps avec des temp\u00e9ratures caniculaires, il manifestera sans rel\u00e2che pour que l\u2019arm\u00e9e c\u00e8de le pouvoir aux civils au Soudan. Le 6 avril, apr\u00e8s plus de trois mois de manifestations d\u00e9clench\u00e9es [&hellip;]<\/p>\n","protected":false},"author":1965,"featured_media":0,"comment_status":"closed","ping_status":"closed","sticky":false,"template":"","format":"standard","meta":{"fifu_image_url":"","fifu_image_alt":"","footnotes":""},"categories":[73,82],"tags":[],"class_list":["post-32001","post","type-post","status-publish","format-standard","hentry","category-actualite","category-cameroun"],"_links":{"self":[{"href":"https:\/\/linitiative.ca\/International\/wp-json\/wp\/v2\/posts\/32001","targetHints":{"allow":["GET"]}}],"collection":[{"href":"https:\/\/linitiative.ca\/International\/wp-json\/wp\/v2\/posts"}],"about":[{"href":"https:\/\/linitiative.ca\/International\/wp-json\/wp\/v2\/types\/post"}],"author":[{"embeddable":true,"href":"https:\/\/linitiative.ca\/International\/wp-json\/wp\/v2\/users\/1965"}],"replies":[{"embeddable":true,"href":"https:\/\/linitiative.ca\/International\/wp-json\/wp\/v2\/comments?post=32001"}],"version-history":[{"count":0,"href":"https:\/\/linitiative.ca\/International\/wp-json\/wp\/v2\/posts\/32001\/revisions"}],"wp:attachment":[{"href":"https:\/\/linitiative.ca\/International\/wp-json\/wp\/v2\/media?parent=32001"}],"wp:term":[{"taxonomy":"category","embeddable":true,"href":"https:\/\/linitiative.ca\/International\/wp-json\/wp\/v2\/categories?post=32001"},{"taxonomy":"post_tag","embeddable":true,"href":"https:\/\/linitiative.ca\/International\/wp-json\/wp\/v2\/tags?post=32001"}],"curies":[{"name":"wp","href":"https:\/\/api.w.org\/{rel}","templated":true}]}}