{"id":32002,"date":"2019-05-03T15:18:03","date_gmt":"2019-05-03T19:18:03","guid":{"rendered":"https:\/\/linitiative.ca\/International\/crise-postelectorale-au-benin-leglise-appelle-a-preserver-la-paix\/"},"modified":"2019-05-03T15:18:03","modified_gmt":"2019-05-03T19:18:03","slug":"crise-postelectorale-au-benin-leglise-appelle-a-preserver-la-paix","status":"publish","type":"post","link":"https:\/\/linitiative.ca\/International\/crise-postelectorale-au-benin-leglise-appelle-a-preserver-la-paix\/","title":{"rendered":"Crise post\u00e9lectorale au B\u00e9nin : l\u2019Eglise appelle \u00e0 pr\u00e9server la paix"},"content":{"rendered":"<div readability=\"32\">\n<p>Publi\u00e9 le 03.05.2019 \u00e0 20h18 par APA News<\/p>\n<\/div>\n<div readability=\"63\">\n<p>La conf\u00e9rence \u00e9piscopale du B\u00e9nin a appel\u00e9, vendredi \u00e0 Cotonou, les diff\u00e9rentes parties impliqu\u00e9es dans la crise n\u00e9e des l\u00e9gislatives du 28 avril 2019 \u00e0 pr\u00e9server la paix et l\u2019unit\u00e9 nationale.A travers une d\u00e9claration intitul\u00e9e \u00ab Halte \u00e0 la violence: pr\u00e9servons la paix et l\u2019unit\u00e9 nationale \u00bb lue face \u00e0 la presse, la conf\u00e9rence \u00e9piscopale condamne fermement les actes de violence et de vandalisme sous toutes leurs formes.<\/p>\n<p>\u00ab L\u2019atmosph\u00e8re d\u00e9l\u00e9t\u00e8re dans laquelle se sont d\u00e9roul\u00e9es les \u00e9lections l\u00e9gislatives du 28 avril 2019, les incidents et la violence qui ont \u00e9maill\u00e9 par endroit le scrutin, la faible participation de la population et les inimaginables sc\u00e8nes de violence du 1er mai 2019 \u00e0 Cotonou avec leur lot de victimes nous pr\u00e9occupent \u00e0 un haut point \u00bb, affirment les Ev\u00eaques b\u00e9ninois.<\/p>\n<p>Selon eux, \u00abla psychose gagne le c\u0153ur des B\u00e9ninois si fiers de leur pays connu sur le plan international comme un havre de paix et mod\u00e8le de d\u00e9mocratie en Afrique \u00bb.<\/p>\n<p><ins data-revive-zoneid=\"9\" data-revive-id=\"10111e19d28d19d031742ee3b0b33eb0\"\/> <\/p>\n<p>Au regard de cette situation, la conf\u00e9rence \u00e9piscopale t\u00e9moigne sa compassion aux victimes des divers actes de violence perp\u00e9tr\u00e9s, r\u00e9it\u00e8re son appel \u00e0 s\u2019abstenir de toutes formes de violence et invite \u00ab les leaders politiques \u00e0 renouer le fil du dialogue pour la pr\u00e9servation de la paix sociale et de l\u2019unit\u00e9 nationale, gage du d\u00e9veloppement harmonieux du B\u00e9nin. \u00bb<\/p>\n<p>Aussi, les Ev\u00eaques \u00ab offrent-ils leur service pour la m\u00e9diation en vue d\u2019un retour au calme, \u00e0 la coh\u00e9sion sociale et \u00e0 la tol\u00e9rance r\u00e9ciproque \u00bb.<\/p>\n<\/div>\n<p>Auteur: APA News<br \/>\n<a href=\"https:\/\/www.journalducameroun.com\/fr\/crise-postelectorale-au-benin-leglise-appelle-a-preserver-la-paix\/\">Cliquez ici pour lire l&rsquo;article depuis sa source.<\/a><\/p>\n","protected":false},"excerpt":{"rendered":"<p>Publi\u00e9 le 03.05.2019 \u00e0 20h18 par APA News La conf\u00e9rence \u00e9piscopale du B\u00e9nin a appel\u00e9, vendredi \u00e0 Cotonou, les diff\u00e9rentes parties impliqu\u00e9es dans la crise n\u00e9e des l\u00e9gislatives du 28 avril 2019 \u00e0 pr\u00e9server la paix et l\u2019unit\u00e9 nationale.A travers une d\u00e9claration intitul\u00e9e \u00ab Halte \u00e0 la violence: pr\u00e9servons la paix et l\u2019unit\u00e9 nationale \u00bb [&hellip;]<\/p>\n","protected":false},"author":1965,"featured_media":0,"comment_status":"closed","ping_status":"closed","sticky":false,"template":"","format":"standard","meta":{"fifu_image_url":"","fifu_image_alt":"","footnotes":""},"categories":[73,82],"tags":[],"class_list":["post-32002","post","type-post","status-publish","format-standard","hentry","category-actualite","category-cameroun"],"_links":{"self":[{"href":"https:\/\/linitiative.ca\/International\/wp-json\/wp\/v2\/posts\/32002","targetHints":{"allow":["GET"]}}],"collection":[{"href":"https:\/\/linitiative.ca\/International\/wp-json\/wp\/v2\/posts"}],"about":[{"href":"https:\/\/linitiative.ca\/International\/wp-json\/wp\/v2\/types\/post"}],"author":[{"embeddable":true,"href":"https:\/\/linitiative.ca\/International\/wp-json\/wp\/v2\/users\/1965"}],"replies":[{"embeddable":true,"href":"https:\/\/linitiative.ca\/International\/wp-json\/wp\/v2\/comments?post=32002"}],"version-history":[{"count":0,"href":"https:\/\/linitiative.ca\/International\/wp-json\/wp\/v2\/posts\/32002\/revisions"}],"wp:attachment":[{"href":"https:\/\/linitiative.ca\/International\/wp-json\/wp\/v2\/media?parent=32002"}],"wp:term":[{"taxonomy":"category","embeddable":true,"href":"https:\/\/linitiative.ca\/International\/wp-json\/wp\/v2\/categories?post=32002"},{"taxonomy":"post_tag","embeddable":true,"href":"https:\/\/linitiative.ca\/International\/wp-json\/wp\/v2\/tags?post=32002"}],"curies":[{"name":"wp","href":"https:\/\/api.w.org\/{rel}","templated":true}]}}