{"id":32003,"date":"2019-05-03T15:18:05","date_gmt":"2019-05-03T19:18:05","guid":{"rendered":"https:\/\/linitiative.ca\/International\/les-acteurs-du-tourisme-ivoirien-en-seminaire-pour-sapproprier-le-plan-sublime-cote-divoire\/"},"modified":"2019-05-03T15:18:05","modified_gmt":"2019-05-03T19:18:05","slug":"les-acteurs-du-tourisme-ivoirien-en-seminaire-pour-sapproprier-le-plan-sublime-cote-divoire","status":"publish","type":"post","link":"https:\/\/linitiative.ca\/International\/les-acteurs-du-tourisme-ivoirien-en-seminaire-pour-sapproprier-le-plan-sublime-cote-divoire\/","title":{"rendered":"Les acteurs du tourisme ivoirien en s\u00e9minaire pour s\u2019approprier le plan \u00abSublime C\u00f4te d\u2019Ivoire\u00bb"},"content":{"rendered":"<div readability=\"32\">\n<p>Publi\u00e9 le 03.05.2019 \u00e0 20h18 par APA News<\/p>\n<\/div>\n<div readability=\"99\">\n<p>Le Fonds du d\u00e9veloppement touristique (FDT) en C\u00f4te d\u2019Ivoire a organis\u00e9, vendredi \u00e0 Abidjan, un s\u00e9minaire qui a regroup\u00e9 les diff\u00e9rents acteurs de la cha\u00eene du tourisme pour s\u2019approprier le plan de d\u00e9veloppement \u00abSublime C\u00f4te d\u2019Ivoire\u00bb en vue de booster le secteur.\u00ab Il s\u2019agit de montrer \u00e0 travers ce document que le tourisme peut contribuer \u00e0 l\u2019accroissement du Produit int\u00e9rieur Brut (PIB), a un bassin d\u2019employabilit\u00e9 pour le d\u00e9veloppement du pays \u00bb, a expliqu\u00e9 le Directeur de cabinet du minist\u00e8re du tourisme et des loisirs, \u00a0Germain N\u2019Dri Aphing Kouassi.<\/p>\n<p>\u00a0Pour lui, \u00a0la formation occupe une place fondamentale dans le d\u00e9veloppement du secteur touristique.<\/p>\n<p>\u00abNous voulons mener une activit\u00e9 touristique \u00a0durable et soutenue \u00bb, a insist\u00e9 le Directeur de cabinet, notant que la formation est l\u2019une des priorit\u00e9s de son d\u00e9partement minist\u00e9riel. \u00ab Pour avoir des op\u00e9rateurs efficaces qualifi\u00e9s, il faut qu\u2019ils soient form\u00e9s \u00bb, a-t-il indiqu\u00e9.<\/p>\n<p>Par ailleurs, M. Kouassi \u00a0a rappel\u00e9 que le minist\u00e8re \u00a0compte axer ce d\u00e9veloppement autour de 9 projets phares de \u00ab Sublime C\u00f4te d\u2019Ivoire \u00bb qui seront mis en \u0153uvre dans le cadre du d\u00e9veloppement du secteur.<\/p>\n<p>Ces projets concernent le plan a\u00e9rien, les infrastructures, le foncier, la s\u00e9curisation, les soins, la formation, le financement et la remise \u00e0 niveau des comp\u00e9tences du minist\u00e8re.<\/p>\n<p>Le Pr\u00e9sident du comit\u00e9 de gestion du Fonds d\u00e9veloppement du touristique (FDT), Marcel N\u2019Guettia Kouadio, a quant \u00e0 lui, \u00a0soutenu que le d\u00e9veloppement de ce secteur vital, passe par la promotion du tourisme domestique.<\/p>\n<p><ins data-revive-zoneid=\"9\" data-revive-id=\"10111e19d28d19d031742ee3b0b33eb0\"\/> <\/p>\n<p>\u00a0\u00abLe tourisme ivoirien est domin\u00e9 par le tourisme sous r\u00e9gional. Le tourisme domestique doit prendre un envol pour accro\u00eetre cette capacit\u00e9 \u00bb, a-t-il estim\u00e9.<\/p>\n<p>Le continent africain a g\u00e9n\u00e9r\u00e9 environ 38 milliards de dollars US du tourisme international en 2018, soit 3% des recettes touristiques mondiales. En 2017, l\u2019Afrique a enregistr\u00e9 pr\u00e8s de 63 millions d\u2019arriv\u00e9es de touristes internationaux, soit 5% du total des flux mondiaux.<\/p>\n<p>L\u2019industrie du tourisme est reconnue aujourd\u2019hui comme le leader des services marchands dans le monde. Selon l\u2019Organisation mondiale du tourisme, elle g\u00e9n\u00e8re plus de 1.159 milliards de dollars US de recettes, soit 9% du PIB mondial du secteur des services et plus de 1,1 milliard de voyageurs.<\/p>\n<p>En C\u00f4te d\u2019Ivoire, le volume touristique total en 2016, s\u2019est chiffr\u00e9 \u00e0 2 millions de personnes. Le pays est parmi les 3 premiers \u00a0en Afrique en termes de \u00a0tourisme d\u2019affaires. Le plan sublime C\u00f4te d\u2019Ivoire va n\u00e9cessiter \u00a0un investissement de 3 200 milliards de FCFA.<\/p>\n<\/div>\n<p>Auteur: APA News<br \/>\n<a href=\"https:\/\/www.journalducameroun.com\/fr\/les-acteurs-du-tourisme-ivoirien-en-seminaire-pour-sapproprier-le-plan-sublime-cote-divoire\/\">Cliquez ici pour lire l&rsquo;article depuis sa source.<\/a><\/p>\n","protected":false},"excerpt":{"rendered":"<p>Publi\u00e9 le 03.05.2019 \u00e0 20h18 par APA News Le Fonds du d\u00e9veloppement touristique (FDT) en C\u00f4te d\u2019Ivoire a organis\u00e9, vendredi \u00e0 Abidjan, un s\u00e9minaire qui a regroup\u00e9 les diff\u00e9rents acteurs de la cha\u00eene du tourisme pour s\u2019approprier le plan de d\u00e9veloppement \u00abSublime C\u00f4te d\u2019Ivoire\u00bb en vue de booster le secteur.\u00ab Il s\u2019agit de montrer \u00e0 [&hellip;]<\/p>\n","protected":false},"author":1965,"featured_media":0,"comment_status":"closed","ping_status":"closed","sticky":false,"template":"","format":"standard","meta":{"fifu_image_url":"","fifu_image_alt":"","footnotes":""},"categories":[73,82],"tags":[],"class_list":["post-32003","post","type-post","status-publish","format-standard","hentry","category-actualite","category-cameroun"],"_links":{"self":[{"href":"https:\/\/linitiative.ca\/International\/wp-json\/wp\/v2\/posts\/32003","targetHints":{"allow":["GET"]}}],"collection":[{"href":"https:\/\/linitiative.ca\/International\/wp-json\/wp\/v2\/posts"}],"about":[{"href":"https:\/\/linitiative.ca\/International\/wp-json\/wp\/v2\/types\/post"}],"author":[{"embeddable":true,"href":"https:\/\/linitiative.ca\/International\/wp-json\/wp\/v2\/users\/1965"}],"replies":[{"embeddable":true,"href":"https:\/\/linitiative.ca\/International\/wp-json\/wp\/v2\/comments?post=32003"}],"version-history":[{"count":0,"href":"https:\/\/linitiative.ca\/International\/wp-json\/wp\/v2\/posts\/32003\/revisions"}],"wp:attachment":[{"href":"https:\/\/linitiative.ca\/International\/wp-json\/wp\/v2\/media?parent=32003"}],"wp:term":[{"taxonomy":"category","embeddable":true,"href":"https:\/\/linitiative.ca\/International\/wp-json\/wp\/v2\/categories?post=32003"},{"taxonomy":"post_tag","embeddable":true,"href":"https:\/\/linitiative.ca\/International\/wp-json\/wp\/v2\/tags?post=32003"}],"curies":[{"name":"wp","href":"https:\/\/api.w.org\/{rel}","templated":true}]}}