{"id":32004,"date":"2019-05-03T15:18:07","date_gmt":"2019-05-03T19:18:07","guid":{"rendered":"https:\/\/linitiative.ca\/International\/guinee-inauguration-de-la-nouvelle-maison-de-la-presse\/"},"modified":"2019-05-03T15:18:07","modified_gmt":"2019-05-03T19:18:07","slug":"guinee-inauguration-de-la-nouvelle-maison-de-la-presse","status":"publish","type":"post","link":"https:\/\/linitiative.ca\/International\/guinee-inauguration-de-la-nouvelle-maison-de-la-presse\/","title":{"rendered":"Guin\u00e9e : inauguration de la nouvelle maison de la presse"},"content":{"rendered":"<div readability=\"32\">\n<p>Publi\u00e9 le 03.05.2019 \u00e0 20h18 par APA News<\/p>\n<\/div>\n<div readability=\"40\">\n<p>Dans le cadre de la c\u00e9l\u00e9bration de la journ\u00e9e mondiale de la libert\u00e9 de la presse, le ministre guin\u00e9en de la Communication, Amara Sompar\u00e9 a inaugur\u00e9, vendredi \u00e0 Conakry, la nouvelle maison de la presse.Situ\u00e9 \u00e0 Kip\u00e9-dadya dans la commune de Ratoma, ce b\u00e2timent R+1 va servir d\u2019assises aux journalistes.<\/p>\n<p><ins data-revive-zoneid=\"9\" data-revive-id=\"10111e19d28d19d031742ee3b0b33eb0\"\/> <\/div>\n<p>Auteur: APA News<br \/>\n<a href=\"https:\/\/www.journalducameroun.com\/fr\/guinee-inauguration-de-la-nouvelle-maison-de-la-presse\/\">Cliquez ici pour lire l&rsquo;article depuis sa source.<\/a><\/p>\n","protected":false},"excerpt":{"rendered":"<p>Publi\u00e9 le 03.05.2019 \u00e0 20h18 par APA News Dans le cadre de la c\u00e9l\u00e9bration de la journ\u00e9e mondiale de la libert\u00e9 de la presse, le ministre guin\u00e9en de la Communication, Amara Sompar\u00e9 a inaugur\u00e9, vendredi \u00e0 Conakry, la nouvelle maison de la presse.Situ\u00e9 \u00e0 Kip\u00e9-dadya dans la commune de Ratoma, ce b\u00e2timent R+1 va servir [&hellip;]<\/p>\n","protected":false},"author":1965,"featured_media":0,"comment_status":"closed","ping_status":"closed","sticky":false,"template":"","format":"standard","meta":{"fifu_image_url":"","fifu_image_alt":"","footnotes":""},"categories":[73,82],"tags":[],"class_list":["post-32004","post","type-post","status-publish","format-standard","hentry","category-actualite","category-cameroun"],"_links":{"self":[{"href":"https:\/\/linitiative.ca\/International\/wp-json\/wp\/v2\/posts\/32004","targetHints":{"allow":["GET"]}}],"collection":[{"href":"https:\/\/linitiative.ca\/International\/wp-json\/wp\/v2\/posts"}],"about":[{"href":"https:\/\/linitiative.ca\/International\/wp-json\/wp\/v2\/types\/post"}],"author":[{"embeddable":true,"href":"https:\/\/linitiative.ca\/International\/wp-json\/wp\/v2\/users\/1965"}],"replies":[{"embeddable":true,"href":"https:\/\/linitiative.ca\/International\/wp-json\/wp\/v2\/comments?post=32004"}],"version-history":[{"count":0,"href":"https:\/\/linitiative.ca\/International\/wp-json\/wp\/v2\/posts\/32004\/revisions"}],"wp:attachment":[{"href":"https:\/\/linitiative.ca\/International\/wp-json\/wp\/v2\/media?parent=32004"}],"wp:term":[{"taxonomy":"category","embeddable":true,"href":"https:\/\/linitiative.ca\/International\/wp-json\/wp\/v2\/categories?post=32004"},{"taxonomy":"post_tag","embeddable":true,"href":"https:\/\/linitiative.ca\/International\/wp-json\/wp\/v2\/tags?post=32004"}],"curies":[{"name":"wp","href":"https:\/\/api.w.org\/{rel}","templated":true}]}}