{"id":32005,"date":"2019-05-03T15:18:09","date_gmt":"2019-05-03T19:18:09","guid":{"rendered":"https:\/\/linitiative.ca\/International\/un-bandit-tue-a-yopougon-des-armes-saisies-par-la-police-ivoirienne\/"},"modified":"2019-05-03T15:18:09","modified_gmt":"2019-05-03T19:18:09","slug":"un-bandit-tue-a-yopougon-des-armes-saisies-par-la-police-ivoirienne","status":"publish","type":"post","link":"https:\/\/linitiative.ca\/International\/un-bandit-tue-a-yopougon-des-armes-saisies-par-la-police-ivoirienne\/","title":{"rendered":"Un bandit tu\u00e9 \u00e0 Yopougon,  des armes saisies par la police ivoirienne"},"content":{"rendered":"<div readability=\"32\">\n<p>Publi\u00e9 le 03.05.2019 \u00e0 20h18 par APA News<\/p>\n<\/div>\n<div readability=\"55\">\n<p>Des \u00e9changes de tirs entre policiers et bandits \u00e0 Yopougon dans l\u2019ouest d\u2019Abidjan, se sont sold\u00e9s vendredi par la mort d\u2019un malfrat et la saisie de plusieurs armes \u00e0 feu, a appris APA de source s\u00e9curitaire.\u00ab Ce vendredi 03 mai 2019 \u00e0 Yopougon, il y a eu des \u00e9changes de tirs entre les policiers et des bandits. \u00a0Le bilan est de 01 bandit tu\u00e9, des armes saisies et un v\u00e9hicule vol\u00e9 retrouv\u00e9 \u00bb, annonce la direction g\u00e9n\u00e9rale de la police nationale ivoirienne dans une note diffus\u00e9e sur son compte officiel facebook.<\/p>\n<p>D\u2019autres sources interrog\u00e9es par APA, ajoutent que ces \u00e9v\u00e9nements se sont d\u00e9roul\u00e9s pr\u00e9cis\u00e9ment \u00e0 Yopougon Selmer. \u00a0<\/p>\n<p>\u00a0L\u2019institution polici\u00e8re ivoirienne a renforc\u00e9 son dispositif s\u00e9curitaire dans le district d\u2019Abidjan afin de lutter contre la criminalit\u00e9 et le grand banditisme.<\/p>\n<p><ins data-revive-zoneid=\"9\" data-revive-id=\"10111e19d28d19d031742ee3b0b33eb0\"\/> <\/p>\n<p>Selon les autorit\u00e9s ivoiriennes, la C\u00f4te d\u2019Ivoire a enregistr\u00e9 son meilleur indice de s\u00e9curit\u00e9 depuis la fin de la crise post\u00e9lectorale en passant \u00e0 1.1 en f\u00e9vrier dernier. L\u2019indice de s\u00e9curit\u00e9 dans le pays est pass\u00e9 de 2,38 en 2017 \u00e0 1,48 en 2018 puis \u00e0 1,1 en f\u00e9vrier dernier.<\/p>\n<\/div>\n<p>Auteur: APA News<br \/>\n<a href=\"https:\/\/www.journalducameroun.com\/fr\/un-bandit-tue-a-yopougon-des-armes-saisies-par-la-police-ivoirienne\/\">Cliquez ici pour lire l&rsquo;article depuis sa source.<\/a><\/p>\n","protected":false},"excerpt":{"rendered":"<p>Publi\u00e9 le 03.05.2019 \u00e0 20h18 par APA News Des \u00e9changes de tirs entre policiers et bandits \u00e0 Yopougon dans l\u2019ouest d\u2019Abidjan, se sont sold\u00e9s vendredi par la mort d\u2019un malfrat et la saisie de plusieurs armes \u00e0 feu, a appris APA de source s\u00e9curitaire.\u00ab Ce vendredi 03 mai 2019 \u00e0 Yopougon, il y a eu [&hellip;]<\/p>\n","protected":false},"author":1965,"featured_media":0,"comment_status":"closed","ping_status":"closed","sticky":false,"template":"","format":"standard","meta":{"fifu_image_url":"","fifu_image_alt":"","footnotes":""},"categories":[73,82],"tags":[],"class_list":["post-32005","post","type-post","status-publish","format-standard","hentry","category-actualite","category-cameroun"],"_links":{"self":[{"href":"https:\/\/linitiative.ca\/International\/wp-json\/wp\/v2\/posts\/32005","targetHints":{"allow":["GET"]}}],"collection":[{"href":"https:\/\/linitiative.ca\/International\/wp-json\/wp\/v2\/posts"}],"about":[{"href":"https:\/\/linitiative.ca\/International\/wp-json\/wp\/v2\/types\/post"}],"author":[{"embeddable":true,"href":"https:\/\/linitiative.ca\/International\/wp-json\/wp\/v2\/users\/1965"}],"replies":[{"embeddable":true,"href":"https:\/\/linitiative.ca\/International\/wp-json\/wp\/v2\/comments?post=32005"}],"version-history":[{"count":0,"href":"https:\/\/linitiative.ca\/International\/wp-json\/wp\/v2\/posts\/32005\/revisions"}],"wp:attachment":[{"href":"https:\/\/linitiative.ca\/International\/wp-json\/wp\/v2\/media?parent=32005"}],"wp:term":[{"taxonomy":"category","embeddable":true,"href":"https:\/\/linitiative.ca\/International\/wp-json\/wp\/v2\/categories?post=32005"},{"taxonomy":"post_tag","embeddable":true,"href":"https:\/\/linitiative.ca\/International\/wp-json\/wp\/v2\/tags?post=32005"}],"curies":[{"name":"wp","href":"https:\/\/api.w.org\/{rel}","templated":true}]}}