{"id":32006,"date":"2019-05-03T15:50:02","date_gmt":"2019-05-03T19:50:02","guid":{"rendered":"https:\/\/linitiative.ca\/International\/gaza-trois-palestiniens-tues-dans-un-raid-israelien-et-des-affrontements-ministere\/"},"modified":"2019-05-03T15:50:02","modified_gmt":"2019-05-03T19:50:02","slug":"gaza-trois-palestiniens-tues-dans-un-raid-israelien-et-des-affrontements-ministere","status":"publish","type":"post","link":"https:\/\/linitiative.ca\/International\/gaza-trois-palestiniens-tues-dans-un-raid-israelien-et-des-affrontements-ministere\/","title":{"rendered":"Gaza: trois Palestiniens tu\u00e9s dans un raid isra\u00e9lien et des affrontements (minist\u00e8re)"},"content":{"rendered":"<div readability=\"32\">\n<p>Publi\u00e9 le 03.05.2019 \u00e0 20h50 par AFP<\/p>\n<\/div>\n<div readability=\"92\">\n<p>Deux Palestiniens ont \u00e9t\u00e9 tu\u00e9s vendredi dans un raid isra\u00e9lien dans la bande de Gaza et un autre dans des affrontements le long de la fronti\u00e8re avec Isra\u00ebl lors desquels deux soldats isra\u00e9liens ont \u00e9t\u00e9 bless\u00e9s, selon des sources isra\u00e9liennes et palestiniennes.<\/p>\n<p>Un Palestinien de 19 ans, Ra\u00efd Abou Teer, a \u00e9t\u00e9 tu\u00e9 par des tirs isra\u00e9liens \u00e0 l\u2019est de Khan Youn\u00e8s, dans le sud de la bande de Gaza, lors d\u2019affrontements avec l\u2019arm\u00e9e isra\u00e9lienne le long de la fronti\u00e8re, a indiqu\u00e9 le minist\u00e8re de la Sant\u00e9 dans la bande de Gaza.<\/p>\n<p>Par ailleurs, deux Palestiniens, Abdallah Abou Mallouh, \u00e2g\u00e9 de 33 ans, et Alaa al-Boubli, \u00e2g\u00e9 de 29 ans, ont \u00e9t\u00e9 tu\u00e9s et deux autres gri\u00e8vement bless\u00e9s dans un raid isra\u00e9lien, selon la m\u00eame source, qui n\u2019a pas pr\u00e9cis\u00e9 o\u00f9 avait eu lieu la frappe.<\/p>\n<p>L\u2019arm\u00e9e isra\u00e9lienne a indiqu\u00e9 de son c\u00f4t\u00e9 dans un communiqu\u00e9 avoir men\u00e9 ce raid en repr\u00e9sailles apr\u00e8s que deux soldats isra\u00e9liens ont \u00e9t\u00e9 bless\u00e9s dans les affrontements \u00e0 la fronti\u00e8re entre la bande de Gaza et Isra\u00ebl.<\/p>\n<p>Elle a pr\u00e9cis\u00e9 avoir pris pour cible un poste militaire du mouvement islamiste Hamas, au pouvoir \u00e0 Gaza.<\/p>\n<p>La branche arm\u00e9e du Hamas, les Brigades Al-Qassam, a indiqu\u00e9 dans un communiqu\u00e9 que les deux Palestiniens tu\u00e9s dans le raid faisaient partie de ses rangs.<\/p>\n<p>Le Hamas a promis de r\u00e9pondre \u00e0 ce qu\u2019il a qualifi\u00e9 d&rsquo;\u00a0\u00bbagression isra\u00e9lienne\u00a0\u00bb.<\/p>\n<p><ins data-revive-zoneid=\"9\" data-revive-id=\"10111e19d28d19d031742ee3b0b33eb0\"\/> <\/p>\n<p>Les soldats isra\u00e9liens sont rarement bless\u00e9s lors des heurts qui surviennent pendant les manifestations qui ont lieu depuis plus d\u2019un an le long de la fronti\u00e8re pour protester contre le blocus par Isra\u00ebl de l\u2019enclave palestinienne et pour le retour des r\u00e9fugi\u00e9s palestiniens chass\u00e9s ou ayant quitt\u00e9 leurs terres \u00e0 la cr\u00e9ation d\u2019Isra\u00ebl en 1948.<\/p>\n<p>Au moins 268 Palestiniens ont \u00e9t\u00e9 tu\u00e9s depuis le d\u00e9but du mouvement au cours des manifestations ou dans des frappes isra\u00e9liennes de repr\u00e9sailles \u00e0 des actes hostiles en provenance de l\u2019enclave sous blocus. Deux soldats isra\u00e9liens ont \u00e9t\u00e9 tu\u00e9s.<\/p>\n<p>Le minist\u00e8re de la Sant\u00e9 \u00e0 Gaza a fait \u00e9tat de 50 Palestiniens bless\u00e9s par des tirs isra\u00e9liens lors des affrontements de vendredi.<\/p>\n<p>Selon une porte-parole de l\u2019arm\u00e9e isra\u00e9lienne, 5.200 Palestiniens se sont rassembl\u00e9s pour manifester.<\/p>\n<p>Les organisateurs des manifestations et le Hamas affirment que le mouvement des \u00ab\u00a0Grandes marches du retour\u00a0\u00bb est ind\u00e9pendant. Isra\u00ebl accuse en revanche le Hamas d\u2019orchestrer ces manifestations et soutient que les soldats ne font que prot\u00e9ger la fronti\u00e8re afin d\u2019\u00e9viter des infiltrations de Palestiniens.<\/p>\n<\/div>\n<p>Auteur: AFP<br \/>\n<a href=\"https:\/\/www.journalducameroun.com\/fr\/gaza-trois-palestiniens-tues-dans-un-raid-israelien-et-des-affrontements-ministere\/\">Cliquez ici pour lire l&rsquo;article depuis sa source.<\/a><\/p>\n","protected":false},"excerpt":{"rendered":"<p>Publi\u00e9 le 03.05.2019 \u00e0 20h50 par AFP Deux Palestiniens ont \u00e9t\u00e9 tu\u00e9s vendredi dans un raid isra\u00e9lien dans la bande de Gaza et un autre dans des affrontements le long de la fronti\u00e8re avec Isra\u00ebl lors desquels deux soldats isra\u00e9liens ont \u00e9t\u00e9 bless\u00e9s, selon des sources isra\u00e9liennes et palestiniennes. Un Palestinien de 19 ans, Ra\u00efd [&hellip;]<\/p>\n","protected":false},"author":1965,"featured_media":0,"comment_status":"closed","ping_status":"closed","sticky":false,"template":"","format":"standard","meta":{"fifu_image_url":"","fifu_image_alt":"","footnotes":""},"categories":[73,82],"tags":[],"class_list":["post-32006","post","type-post","status-publish","format-standard","hentry","category-actualite","category-cameroun"],"_links":{"self":[{"href":"https:\/\/linitiative.ca\/International\/wp-json\/wp\/v2\/posts\/32006","targetHints":{"allow":["GET"]}}],"collection":[{"href":"https:\/\/linitiative.ca\/International\/wp-json\/wp\/v2\/posts"}],"about":[{"href":"https:\/\/linitiative.ca\/International\/wp-json\/wp\/v2\/types\/post"}],"author":[{"embeddable":true,"href":"https:\/\/linitiative.ca\/International\/wp-json\/wp\/v2\/users\/1965"}],"replies":[{"embeddable":true,"href":"https:\/\/linitiative.ca\/International\/wp-json\/wp\/v2\/comments?post=32006"}],"version-history":[{"count":0,"href":"https:\/\/linitiative.ca\/International\/wp-json\/wp\/v2\/posts\/32006\/revisions"}],"wp:attachment":[{"href":"https:\/\/linitiative.ca\/International\/wp-json\/wp\/v2\/media?parent=32006"}],"wp:term":[{"taxonomy":"category","embeddable":true,"href":"https:\/\/linitiative.ca\/International\/wp-json\/wp\/v2\/categories?post=32006"},{"taxonomy":"post_tag","embeddable":true,"href":"https:\/\/linitiative.ca\/International\/wp-json\/wp\/v2\/tags?post=32006"}],"curies":[{"name":"wp","href":"https:\/\/api.w.org\/{rel}","templated":true}]}}