{"id":32007,"date":"2019-05-03T16:18:03","date_gmt":"2019-05-03T20:18:03","guid":{"rendered":"https:\/\/linitiative.ca\/International\/ghana-les-agressions-contre-des-journalistes-menacent-la-liberte-de-la-presse\/"},"modified":"2019-05-03T16:18:03","modified_gmt":"2019-05-03T20:18:03","slug":"ghana-les-agressions-contre-des-journalistes-menacent-la-liberte-de-la-presse","status":"publish","type":"post","link":"https:\/\/linitiative.ca\/International\/ghana-les-agressions-contre-des-journalistes-menacent-la-liberte-de-la-presse\/","title":{"rendered":"Ghana : les agressions contre des journalistes menacent la libert\u00e9 de la presse"},"content":{"rendered":"<div readability=\"32\">\n<p>Publi\u00e9 le 03.05.2019 \u00e0 21h18 par APA News<\/p>\n<\/div>\n<div readability=\"52\">\n<p>Le bilan enviable du Ghana en mati\u00e8re de libert\u00e9 de la presse est menac\u00e9 par les agressions et les menaces incessantes dont sont victimes les journalistes de la part de criminels, de de partis politiques et d\u2019agences de s\u00e9curit\u00e9, a d\u00e9clar\u00e9 vendredi \u00e0 Accra, Kwame Karikari, membre du conseil de la Media Foundation for West Africa.S\u2019exprimant lors d\u2019une r\u00e9union avec l\u2019Association des journalistes ghan\u00e9ens (GJA) et d\u2019autres organisations de la soci\u00e9t\u00e9 civile \u00e0 Accra \u00e0 l\u2019occasion de la c\u00e9l\u00e9bration de la Journ\u00e9e mondiale de la libert\u00e9 de la presse, il a d\u00e9clar\u00e9 que le d\u00e9veloppement des agressions actuel porte gravement atteinte \u00e0 la libert\u00e9 de la presse au Ghana, avant d\u2019appeler le gouvernement \u00e0 \u00e9laborer des strat\u00e9gies pratiques pour \u00e9radiquer ce fl\u00e9au dans l\u2019\u0153uf.<\/p>\n<p>Au Ghana, les droits de 22 journalistes ont \u00e9t\u00e9 viol\u00e9s entre f\u00e9vrier et mars 2019, a indiqu\u00e9 vendredi le quotidien Daily Graphic.<\/p>\n<p><ins data-revive-zoneid=\"9\" data-revive-id=\"10111e19d28d19d031742ee3b0b33eb0\"\/> <\/p>\n<p>Ce journal ajoute que 11 de ces violations sont des attaques directes, un ph\u00e9nom\u00e8ne qui a fait chuter le pays du 23e rang mondial en mati\u00e8re de libert\u00e9 de la presse au 27e en 2019, selon le World Press Index de Reporters sans fronti\u00e8res.<\/p>\n<\/div>\n<p>Auteur: APA News<br \/>\n<a href=\"https:\/\/www.journalducameroun.com\/fr\/ghana-les-agressions-contre-des-journalistes-menacent-la-liberte-de-la-presse\/\">Cliquez ici pour lire l&rsquo;article depuis sa source.<\/a><\/p>\n","protected":false},"excerpt":{"rendered":"<p>Publi\u00e9 le 03.05.2019 \u00e0 21h18 par APA News Le bilan enviable du Ghana en mati\u00e8re de libert\u00e9 de la presse est menac\u00e9 par les agressions et les menaces incessantes dont sont victimes les journalistes de la part de criminels, de de partis politiques et d\u2019agences de s\u00e9curit\u00e9, a d\u00e9clar\u00e9 vendredi \u00e0 Accra, Kwame Karikari, membre [&hellip;]<\/p>\n","protected":false},"author":1965,"featured_media":0,"comment_status":"closed","ping_status":"closed","sticky":false,"template":"","format":"standard","meta":{"fifu_image_url":"","fifu_image_alt":"","footnotes":""},"categories":[73,82],"tags":[],"class_list":["post-32007","post","type-post","status-publish","format-standard","hentry","category-actualite","category-cameroun"],"_links":{"self":[{"href":"https:\/\/linitiative.ca\/International\/wp-json\/wp\/v2\/posts\/32007","targetHints":{"allow":["GET"]}}],"collection":[{"href":"https:\/\/linitiative.ca\/International\/wp-json\/wp\/v2\/posts"}],"about":[{"href":"https:\/\/linitiative.ca\/International\/wp-json\/wp\/v2\/types\/post"}],"author":[{"embeddable":true,"href":"https:\/\/linitiative.ca\/International\/wp-json\/wp\/v2\/users\/1965"}],"replies":[{"embeddable":true,"href":"https:\/\/linitiative.ca\/International\/wp-json\/wp\/v2\/comments?post=32007"}],"version-history":[{"count":0,"href":"https:\/\/linitiative.ca\/International\/wp-json\/wp\/v2\/posts\/32007\/revisions"}],"wp:attachment":[{"href":"https:\/\/linitiative.ca\/International\/wp-json\/wp\/v2\/media?parent=32007"}],"wp:term":[{"taxonomy":"category","embeddable":true,"href":"https:\/\/linitiative.ca\/International\/wp-json\/wp\/v2\/categories?post=32007"},{"taxonomy":"post_tag","embeddable":true,"href":"https:\/\/linitiative.ca\/International\/wp-json\/wp\/v2\/tags?post=32007"}],"curies":[{"name":"wp","href":"https:\/\/api.w.org\/{rel}","templated":true}]}}