{"id":32008,"date":"2019-05-03T17:18:03","date_gmt":"2019-05-03T21:18:03","guid":{"rendered":"https:\/\/linitiative.ca\/International\/lancement-du-recensement-general-des-entreprises-au-congo\/"},"modified":"2019-05-03T17:18:03","modified_gmt":"2019-05-03T21:18:03","slug":"lancement-du-recensement-general-des-entreprises-au-congo","status":"publish","type":"post","link":"https:\/\/linitiative.ca\/International\/lancement-du-recensement-general-des-entreprises-au-congo\/","title":{"rendered":"Lancement du recensement g\u00e9n\u00e9ral des entreprises au Congo"},"content":{"rendered":"<div readability=\"32\">\n<p>Publi\u00e9 le 03.05.2019 \u00e0 22h18 par APA News<\/p>\n<\/div>\n<div readability=\"85\">\n<p>Une op\u00e9ration de recensement g\u00e9n\u00e9ral des entreprises du Congo a \u00e9t\u00e9 lanc\u00e9e, vendredi \u00e0 Brazzaville, en vue de permettre \u00e0 l\u2019Etat de disposer d\u2019une base de donn\u00e9es mises sur les soci\u00e9t\u00e9s \u00e9voluant dans le pays.Selon la ministre du Plan et de la Statistique, Olga Ghislaine Ebouka Babakas, \u00ab cette investigation statistique, longue et co\u00fbteuse, la premi\u00e8re du genre, consiste \u00e0 recueillir des informations de toutes les unit\u00e9s \u00e9conomiques sur l\u2019ensemble du territoire. Elle produira un syst\u00e8me int\u00e9gr\u00e9 de statistiques d\u2019entreprises \u00bb.<\/p>\n<p>\u00ab Il s\u2019agit, a-t-elle expliqu\u00e9, d\u2019un r\u00e9pertoire de r\u00e9f\u00e9rence devant servir de base de sondage aux enqu\u00eates d\u2019entreprises, permettant ainsi d\u2019actualiser et d\u2019\u00e9laborer les indicateurs structurels et conjoncturels pour une meilleure prise de d\u00e9cision \u00bb.<\/p>\n<p>\u00a0Le recensement vise aussi \u00e0 identifier les branches d\u2019activit\u00e9s porteuses de l\u2019\u00e9conomie, \u00e0 suivre et \u00e0 \u00e9valuer les mesures d\u2019accompagnement de l\u2019entrepreneuriat sur les incitations \u00e9conomiques, les zones \u00e9conomiques, pour promouvoir la diversification de l\u2019\u00e9conomie.<\/p>\n<p>Les pouvoirs publics pourront \u00e0 terme mieux orienter les politiques de promotion des entreprises. Pour leur part, les op\u00e9rateurs \u00e9conomiques sauront guider leurs d\u00e9cisions d\u2019investissements et d\u2019identification des partenaires.<\/p>\n<p><ins data-revive-zoneid=\"9\" data-revive-id=\"10111e19d28d19d031742ee3b0b33eb0\"\/> <\/p>\n<p>Cette op\u00e9ration concerne les unit\u00e9s \u00e9conomiques exer\u00e7ant dans un local ou site am\u00e9nag\u00e9, tenant ou non une comptabilit\u00e9 quelle que soit leur taille (boutique, salon de coiffure, atelier de couture, garage auto et moto, d\u00e9p\u00f4t de planches, etc.), les \u00e9tablissements publics exer\u00e7ant une activit\u00e9 marchande, les coop\u00e9ratives, les groupements d\u2019int\u00e9r\u00eat \u00e9conomique ainsi que les associations qui exercent formellement une activit\u00e9.<\/p>\n<p>C\u2019est depuis 2016 que l\u2019Institut national de la statistique avait commenc\u00e9, dans le cadre de ses activit\u00e9s ponctuelles, les travaux pr\u00e9paratoires \u00e0 ce recensement, \u00e0 travers l\u2019\u00e9laboration des documents m\u00e9thodologiques et des outils de collecte des donn\u00e9es.<\/p>\n<p>Cette op\u00e9ration \u00a0se r\u00e9alise gr\u00e2ce \u00e0 l\u2019appui de la Banque mondiale \u00e0 travers le Projet de renforcement des capacit\u00e9s en statistique.<\/p>\n<\/div>\n<p>Auteur: APA News<br \/>\n<a href=\"https:\/\/www.journalducameroun.com\/fr\/lancement-du-recensement-general-des-entreprises-au-congo\/\">Cliquez ici pour lire l&rsquo;article depuis sa source.<\/a><\/p>\n","protected":false},"excerpt":{"rendered":"<p>Publi\u00e9 le 03.05.2019 \u00e0 22h18 par APA News Une op\u00e9ration de recensement g\u00e9n\u00e9ral des entreprises du Congo a \u00e9t\u00e9 lanc\u00e9e, vendredi \u00e0 Brazzaville, en vue de permettre \u00e0 l\u2019Etat de disposer d\u2019une base de donn\u00e9es mises sur les soci\u00e9t\u00e9s \u00e9voluant dans le pays.Selon la ministre du Plan et de la Statistique, Olga Ghislaine Ebouka Babakas, [&hellip;]<\/p>\n","protected":false},"author":1965,"featured_media":0,"comment_status":"closed","ping_status":"closed","sticky":false,"template":"","format":"standard","meta":{"fifu_image_url":"","fifu_image_alt":"","footnotes":""},"categories":[73,82],"tags":[],"class_list":["post-32008","post","type-post","status-publish","format-standard","hentry","category-actualite","category-cameroun"],"_links":{"self":[{"href":"https:\/\/linitiative.ca\/International\/wp-json\/wp\/v2\/posts\/32008","targetHints":{"allow":["GET"]}}],"collection":[{"href":"https:\/\/linitiative.ca\/International\/wp-json\/wp\/v2\/posts"}],"about":[{"href":"https:\/\/linitiative.ca\/International\/wp-json\/wp\/v2\/types\/post"}],"author":[{"embeddable":true,"href":"https:\/\/linitiative.ca\/International\/wp-json\/wp\/v2\/users\/1965"}],"replies":[{"embeddable":true,"href":"https:\/\/linitiative.ca\/International\/wp-json\/wp\/v2\/comments?post=32008"}],"version-history":[{"count":0,"href":"https:\/\/linitiative.ca\/International\/wp-json\/wp\/v2\/posts\/32008\/revisions"}],"wp:attachment":[{"href":"https:\/\/linitiative.ca\/International\/wp-json\/wp\/v2\/media?parent=32008"}],"wp:term":[{"taxonomy":"category","embeddable":true,"href":"https:\/\/linitiative.ca\/International\/wp-json\/wp\/v2\/categories?post=32008"},{"taxonomy":"post_tag","embeddable":true,"href":"https:\/\/linitiative.ca\/International\/wp-json\/wp\/v2\/tags?post=32008"}],"curies":[{"name":"wp","href":"https:\/\/api.w.org\/{rel}","templated":true}]}}