{"id":32033,"date":"2019-05-03T07:09:19","date_gmt":"2019-05-03T11:09:19","guid":{"rendered":"https:\/\/linitiative.ca\/International\/ce-que-revele-la-polemique-autour-de-la-cathedrale-de-sangmelima\/"},"modified":"2019-05-03T07:09:19","modified_gmt":"2019-05-03T11:09:19","slug":"ce-que-revele-la-polemique-autour-de-la-cathedrale-de-sangmelima","status":"publish","type":"post","link":"https:\/\/linitiative.ca\/International\/ce-que-revele-la-polemique-autour-de-la-cathedrale-de-sangmelima\/","title":{"rendered":"Ce que r\u00e9v\u00e8le la pol\u00e9mique autour de la Cath\u00e9drale de Sangm\u00e9lima"},"content":{"rendered":"<p class=\"yiv5683664241MsoNormal c3\"><span class=\"c2\">A Sangm\u00e9lima, chef-lieu du d\u00e9partement du Dja et Lobo, r\u00e9gion du Sud, une Cath\u00e9drale toute neuve vient d\u2019\u00eatre inaugur\u00e9e. Elle s\u2019offre enfin \u00e0 la vue de la communaut\u00e9 chr\u00e9tienne, des autochtones et du grand public. Ce chef-d\u2019\u0153uvre de <strong>75 m\u00e8tres<\/strong> de longueur et <strong>64 m\u00e8tres<\/strong> de largeur s\u2019\u00e9tend sur une superficie de <strong>4000 m<sup>2<\/sup><\/strong>, pour une capacit\u00e9 de <strong>5000 places.<\/strong> Malheureusement, l\u2019allure du b\u00e2timent a suscit\u00e9 la curiosit\u00e9 de nombreuses personnes en raison du co\u00fbt de l\u2019infrastructure. \u00ab <em>Comment cet \u2018\u2019hangar\u2019\u2019 peut-il co\u00fbter plus de <strong>2 milliards<\/strong> FCFA ?<\/em> \u00bb, s\u2019interroge un internaute sur Facebook. Un autre plus ing\u00e9nieux s\u2019exprime avec beaucoup d\u2019ironie en \u00e9crivant : \u00ab <em>je vous pr\u00e9sente la Cath\u00e9drale \u00ab\u00a0Notre dame de Sangm\u00e9lima\u00a0\u00bb l\u2019une des 08 merveilles au monde. Elle vaut 2,6 milliards de FCFA<\/em> \u00bb, dit-il en provoquant un fou rire collectif parmi ses followers.<\/span><\/p>\n<p><strong>Usine de transformation de caf\u00e9 contre Cath\u00e9drale ?\u00a0<\/strong><\/p>\n<p class=\"yiv5683664241MsoNormal c3\"><span class=\"c2\">D\u2019autres vont jusqu\u2019\u00e0 essayer de faire un parall\u00e8le entre la Cath\u00e9drale de Sangm\u00e9lima et l\u2019usine de transformation de cacao de Kekem inaugur\u00e9e le 26 avril dernier. \u00ab <em>\u00c0 Kekem, on inaugure une usine qui va embaucher <strong>700 Camerounais<\/strong> mais \u00e0 Sangm\u00e9lima on inaugure une Cath\u00e9drale de 2,6 milliards FCFA\u00a0<\/em>\u00a0\u00bb, ricane un internaute. Dans la m\u00eame mouvance, un autre reconna\u00eetre qu\u2019il n\u2019est pas un expert du b\u00e2timent mais, d\u00e9clare: \u00ab<em>j\u2019ai quand m\u00eame les yeux pour voir et pour moi ce sont des b\u00eatises. Lorsque je vois la Cath\u00e9drale de Douala plus riche en d\u00e9coration et la Cath\u00e9drale de Yaound\u00e9 plus riche en solennit\u00e9, les deux Cath\u00e9drales n\u2019ayant jamais atteint un tel montant que ce soit en construction ou en r\u00e9novation, je suis en droit de m\u2019interroger<\/em> \u00bb.<\/span><\/p>\n<p><strong>586 millions de frais d\u2019inauguration..?<\/strong><\/p>\n<p class=\"yiv5683664241MsoNormal c3\"><span class=\"c2\">Pis, l\u2019on apprend des que les frais de la c\u00e9r\u00e9monie d\u2019inauguration de cette \u00e9glise ont valu pr\u00e8s de <strong>586 millions FCFA<\/strong>.\u00a0Le budget (entre <strong>5 \u00e0 10 millions FCFA<\/strong>) allou\u00e9 \u00e0 la communication de l\u2019\u00e9v\u00e9nement, aux relations publiques et \u00e0 la prise en charge des journalistes aurait \u00e9t\u00e9 d\u00e9tourn\u00e9 par les responsables charg\u00e9s de ladite communication. Ce qui n\u2019est pas tr\u00e8s catholique visiblement.<\/span><\/p>\n<p class=\"yiv5683664241MsoNormal c3\"><span class=\"c2\">Toujours selon internautes, les ressources investies pour la construction de ce monument auraient pu plut\u00f4t servir \u00e0 r\u00e9soudre les vrais probl\u00e8mes qui animent la ville de Sangm\u00e9lima. \u00ab <em>Il n\u2019y a pas d\u2019\u00e9coles, de routes et d\u2019h\u00f4pitaux; mais, on sort 2,6 milliards F pour construire une Cath\u00e9drale\u00a0!<\/em> \u00bb, s\u2019exclame\u00a0un autre\u00a0sur Twitter.<\/span><\/p>\n<p class=\"yiv5683664241MsoNormal c3\"><strong>Pour le P\u00e8re Lado cela parait invraisemblable\u00a0<\/strong><\/p>\n<p class=\"yiv5683664241MsoNormal c8\"><span class=\"c7\"><span class=\"c5\"><span class=\"c4\">Pour sa part, le P\u00e8re<\/span><\/span> Ludovic Lado, pr\u00eate <span class=\"c5\">j\u00e9suite<\/span>\u00a0et <span class=\"c5\">anthropologue connu pour ses positions dissidentes envers le r\u00e9gime propose sur son compte\u00a0Facebook<\/span><span class=\"c5\"><span class=\"c4\">\u00a0qu\u2019une enqu\u00eate soit effectu\u00e9e afin de s\u2019assurer si l\u2019ouvrage vaut effectivement la somme \u00e9voqu\u00e9e. \u00ab<\/span><\/span> <em class=\"c6\">Il semble que cette cath\u00e9drale a co\u00fbt\u00e9 2,6 milliards FCFA. Cela para\u00eet invraisemblable. Je conseille au dioc\u00e8se de Sangm\u00e9lima de faire auditer sa construction. Ce sera un bon exemple par rapport aux chantiers de la CAN<\/em><span class=\"c5\"><span class=\"c4\">\u00a0\u00bb.<\/span><\/span><\/span><\/p>\n<p>Construite pour faire une centaine d\u2019ann\u00e9es, la Cath\u00e9drale <strong>Saint Joseph de Sangm\u00e9lima<\/strong>, dans la r\u00e9gion du Sud du Cameroun, s\u2019\u00e9tend sur une surface de <strong>7 hectares<\/strong>. Capable d\u2019accueillir jusqu\u2019\u00e0 <strong>5000 fid\u00e8les<\/strong>, le projet a \u00e9t\u00e9 pilot\u00e9 par <strong>Mgr Christophe Zoa<\/strong>, \u00e9v\u00eaque de ce dioc\u00e8se depuis 2009. Sur les <strong>2,6 milliards FCFA<\/strong> consentis pour son ex\u00e9cution, le chef de l\u2019\u00c9tat a allou\u00e9 pr\u00e8s de <strong>306 millions<\/strong> FCFA.<\/p>\n<div class=\"awac-wrapper awac widget blog_subscription-2\">\n<h4 class=\"widget-title\">Abonnez-vous \u00e0 notre lettre d&rsquo;information<\/h4>\n<\/div>\n<p>Auteur: Emile FIDIECK<br \/>\n<a href=\"https:\/\/ecomatin.net\/ce-que-revele-la-polemique-autour-de-la-cathedrale-de-sangmelima\/\">Cliquez ici pour lire l&rsquo;article depuis sa source.<\/a><\/p>\n","protected":false},"excerpt":{"rendered":"<p>A Sangm\u00e9lima, chef-lieu du d\u00e9partement du Dja et Lobo, r\u00e9gion du Sud, une Cath\u00e9drale toute neuve vient d\u2019\u00eatre inaugur\u00e9e. Elle s\u2019offre enfin \u00e0 la vue de la communaut\u00e9 chr\u00e9tienne, des autochtones et du grand public. Ce chef-d\u2019\u0153uvre de 75 m\u00e8tres de longueur et 64 m\u00e8tres de largeur s\u2019\u00e9tend sur une superficie de 4000 m2, pour [&hellip;]<\/p>\n","protected":false},"author":1969,"featured_media":0,"comment_status":"closed","ping_status":"closed","sticky":false,"template":"","format":"standard","meta":{"fifu_image_url":"","fifu_image_alt":"","footnotes":""},"categories":[82,78],"tags":[],"class_list":["post-32033","post","type-post","status-publish","format-standard","hentry","category-cameroun","category-economie"],"_links":{"self":[{"href":"https:\/\/linitiative.ca\/International\/wp-json\/wp\/v2\/posts\/32033","targetHints":{"allow":["GET"]}}],"collection":[{"href":"https:\/\/linitiative.ca\/International\/wp-json\/wp\/v2\/posts"}],"about":[{"href":"https:\/\/linitiative.ca\/International\/wp-json\/wp\/v2\/types\/post"}],"author":[{"embeddable":true,"href":"https:\/\/linitiative.ca\/International\/wp-json\/wp\/v2\/users\/1969"}],"replies":[{"embeddable":true,"href":"https:\/\/linitiative.ca\/International\/wp-json\/wp\/v2\/comments?post=32033"}],"version-history":[{"count":0,"href":"https:\/\/linitiative.ca\/International\/wp-json\/wp\/v2\/posts\/32033\/revisions"}],"wp:attachment":[{"href":"https:\/\/linitiative.ca\/International\/wp-json\/wp\/v2\/media?parent=32033"}],"wp:term":[{"taxonomy":"category","embeddable":true,"href":"https:\/\/linitiative.ca\/International\/wp-json\/wp\/v2\/categories?post=32033"},{"taxonomy":"post_tag","embeddable":true,"href":"https:\/\/linitiative.ca\/International\/wp-json\/wp\/v2\/tags?post=32033"}],"curies":[{"name":"wp","href":"https:\/\/api.w.org\/{rel}","templated":true}]}}