{"id":32034,"date":"2019-05-03T16:01:51","date_gmt":"2019-05-03T20:01:51","guid":{"rendered":"https:\/\/linitiative.ca\/International\/diplomatie-economique-nouvelle-offensive-vietnamienne-au-cameroun\/"},"modified":"2019-05-03T16:01:51","modified_gmt":"2019-05-03T20:01:51","slug":"diplomatie-economique-nouvelle-offensive-vietnamienne-au-cameroun","status":"publish","type":"post","link":"https:\/\/linitiative.ca\/International\/diplomatie-economique-nouvelle-offensive-vietnamienne-au-cameroun\/","title":{"rendered":"Diplomatie \u00e9conomique: nouvelle\u00a0offensive Vietnamienne au Cameroun"},"content":{"rendered":"<p>Au moment o\u00f9 la <strong>Chine<\/strong> explore les pistes des <em>\u00ab\u00a0nouvelles routes de la soie<\/em>\u00a0\u00bb au profit des pays africains dont le Cameroun, la <strong>R\u00e9publique populaire du Vietnam<\/strong> lui embo\u00eete s\u00e9rieusement le pas. Une importante d\u00e9l\u00e9gation en provenance de ce pays asiatique est annonc\u00e9e au Cameroun. D\u2019apr\u00e8s une\u00a0 source proche de ce dossier, Son Excellence <strong>Nguyen Quoc Cuonq<\/strong>, vice-ministre Vietnamien des affaires \u00e9trang\u00e8res foule le sol camerounais dans le cadre d\u2019une visite de travail de haute importance avec les autorit\u00e9s camerounaises.<\/p>\n<p>Un communiqu\u00e9 de <strong>Ferdinand Ngoh Ngoh<\/strong>, le ministre d\u2019Etat, Secr\u00e9taire g\u00e9n\u00e9ral de la Pr\u00e9sidence de la R\u00e9publique, dont <strong>Ecomatin<\/strong> s\u2019est procur\u00e9, indique que le membre du gouvernement Vietnamien est envoy\u00e9 sp\u00e9cial de Son Excellence <strong>Nguyen Xuan Phuc<\/strong>, le Premier ministre, Chef du gouvernement de la R\u00e9publique du Vietnam.<\/p>\n<p>La raison officielle de cette visite\u00a0 est contenue dans une correspondance adress\u00e9e le 29 avril 2019, par l\u2019ambassade du Vietnam au Nig\u00e9ria aux autorit\u00e9s camerounaises: <em>\u00ab\u00a0revisiter\u00a0 les relations diplomatiques entre le Cameroun et le Vietnam, optimiser et explorer les opportunit\u00e9s bilat\u00e9rales<\/em>\u00a0\u00bb. Pour ce faire, la d\u00e9l\u00e9gation Vietnamienne prendra langue avec plusieurs membres du gouvernement camerounais: <strong>Laurent Esso<\/strong>, ministre d\u2019Etat, ministre de la Justice, Garde des sceaux, <strong>Lejeune Mbella Mbella<\/strong>, ministre des Relations ext\u00e9rieures, <strong>Gr\u00e9goire Owona<\/strong>, ministre du Travail et de la S\u00e9curit\u00e9 Sociale, entre autres. La d\u00e9l\u00e9gation asiatique sera \u00e9galement h\u00f4te de <strong>Joseph Dion Ngute<\/strong>, le Premier ministre.<\/p>\n<p>Au-del\u00e0 des raisons officielles de cette tourn\u00e9e, il est primordial de rappeler que les relations diplomatiques entre le Cameroun et le Vietnam sont vieilles de 47 ans. Elles portent essentiellement sur des \u00e9changes commerciaux, le transfert de technologie, les t\u00e9l\u00e9communications, l\u2019industrie, l\u2019import-export, ou encore la culture, etc. De l\u2019avis d\u2019une source diplomatique, plusieurs dossiers en suspens seront\u00a0 examin\u00e9s: celui sur les accords de non-double imposition, l\u2019incitativit\u00e9 mutuelle sur les investissements, l\u2019exemption de visa pour les d\u00e9tenteurs des passeports diplomatiques et officiels, l\u2019\u00e9tat d\u2019avancement des projets d\u2019hydro\u00e9lectricit\u00e9 et de cimenterie engag\u00e9s par la soci\u00e9t\u00e9 <strong>Xu\u00e2nThi\u00eanCh\u00e2u Phi<\/strong> au profit du Cameroun, les importations du riz vietnamien au Cameroun, l\u2019assistance vietnamienne dans la production du riz au Cameroun, \u00e0 travers un projet tripartite sous forme de partenariat public-priv\u00e9, etc.<\/p>\n<p><strong>Accord<\/strong><\/p>\n<p>D\u2019autres sources \u00e9galement impliqu\u00e9es dans la pr\u00e9paration de cette mission annoncent deux audiences: entre la d\u00e9l\u00e9gation conduite par Son Excellence Nguyen QuocCuonq et <strong>Marcel Niat Njifenji<\/strong>, pr\u00e9sident du S\u00e9nat et <strong>Cavaye Yegui\u00e9 Djibril<\/strong>, pr\u00e9sident de l\u2019Assembl\u00e9e nationale. L\u2019arriv\u00e9e des Vietnamiens au Cameroun confirme le dynamisme des relations bilat\u00e9rales entre l\u2019un des pays les plus prosp\u00e8res d\u2019Asie et la premi\u00e8re \u00e9conomie d\u2019Afrique centrale. Leur r\u00e9gularit\u00e9 aussi. La derni\u00e8re visite d\u2019une d\u00e9l\u00e9gation Vietnamienne au Cameroun date d\u2019avril 2017. Visite effectu\u00e9e par <strong>Vu Hong Nam<\/strong>, alors vice-ministre des Affaires \u00e9trang\u00e8res du Vietnam.<\/p>\n<div class=\"awac-wrapper awac widget blog_subscription-2\">\n<h4 class=\"widget-title\">Abonnez-vous \u00e0 notre lettre d&rsquo;information<\/h4>\n<\/div>\n<p>Auteur: Emile FIDIECK<br \/>\n<a href=\"https:\/\/ecomatin.net\/diplomatie-economique-nouvelle-offensive-vietnamienne-au-cameroun\/\">Cliquez ici pour lire l&rsquo;article depuis sa source.<\/a><\/p>\n","protected":false},"excerpt":{"rendered":"<p>Au moment o\u00f9 la Chine explore les pistes des \u00ab\u00a0nouvelles routes de la soie\u00a0\u00bb au profit des pays africains dont le Cameroun, la R\u00e9publique populaire du Vietnam lui embo\u00eete s\u00e9rieusement le pas. Une importante d\u00e9l\u00e9gation en provenance de ce pays asiatique est annonc\u00e9e au Cameroun. D\u2019apr\u00e8s une\u00a0 source proche de ce dossier, Son Excellence Nguyen [&hellip;]<\/p>\n","protected":false},"author":1969,"featured_media":0,"comment_status":"closed","ping_status":"closed","sticky":false,"template":"","format":"standard","meta":{"fifu_image_url":"","fifu_image_alt":"","footnotes":""},"categories":[82,78],"tags":[],"class_list":["post-32034","post","type-post","status-publish","format-standard","hentry","category-cameroun","category-economie"],"_links":{"self":[{"href":"https:\/\/linitiative.ca\/International\/wp-json\/wp\/v2\/posts\/32034","targetHints":{"allow":["GET"]}}],"collection":[{"href":"https:\/\/linitiative.ca\/International\/wp-json\/wp\/v2\/posts"}],"about":[{"href":"https:\/\/linitiative.ca\/International\/wp-json\/wp\/v2\/types\/post"}],"author":[{"embeddable":true,"href":"https:\/\/linitiative.ca\/International\/wp-json\/wp\/v2\/users\/1969"}],"replies":[{"embeddable":true,"href":"https:\/\/linitiative.ca\/International\/wp-json\/wp\/v2\/comments?post=32034"}],"version-history":[{"count":0,"href":"https:\/\/linitiative.ca\/International\/wp-json\/wp\/v2\/posts\/32034\/revisions"}],"wp:attachment":[{"href":"https:\/\/linitiative.ca\/International\/wp-json\/wp\/v2\/media?parent=32034"}],"wp:term":[{"taxonomy":"category","embeddable":true,"href":"https:\/\/linitiative.ca\/International\/wp-json\/wp\/v2\/categories?post=32034"},{"taxonomy":"post_tag","embeddable":true,"href":"https:\/\/linitiative.ca\/International\/wp-json\/wp\/v2\/tags?post=32034"}],"curies":[{"name":"wp","href":"https:\/\/api.w.org\/{rel}","templated":true}]}}